{"id":74535,"date":"2024-03-25T09:33:36","date_gmt":"2024-03-25T09:33:36","guid":{"rendered":"https:\/\/rdnews.al\/?p=74535"},"modified":"2024-03-25T09:36:22","modified_gmt":"2024-03-25T09:36:22","slug":"rama-kerkon-te-mbuloje-skandalin-e-zjarrit-ne-qsut-duke-larguar-drejtoreshen","status":"publish","type":"post","link":"https:\/\/rdnews.al\/index.php\/2024\/03\/25\/rama-kerkon-te-mbuloje-skandalin-e-zjarrit-ne-qsut-duke-larguar-drejtoreshen\/","title":{"rendered":"Rama k\u00ebrkon t\u00eb mbuloj\u00eb skandalin e zjarrit n\u00eb QSUT duke larguar drejtoresh\u00ebn"},"content":{"rendered":"<p>Albana Fico, e cila mbante postin e drejtoresh\u00ebs s\u00eb Qendr\u00ebs Spitalore Universitare N\u00ebn\u00eb Tereza (QSUT), \u00ebsht\u00eb larguar nga detyra.<\/p>\n<p>Ende nuk dihen shkaqet e largimit t\u00eb Albana Ficos, por kujtojm\u00eb se ajo ka qen\u00eb e sulmuar nga opozita p\u00ebr tenderat e barnave.<\/p>\n<p>Po ashtu, p\u00ebr zjarrin n\u00eb urgjenc\u00ebn e QSUT, \u00ebsht\u00eb nisur nj\u00eb hetim nga Prokuroria e Tiran\u00ebs, e cila ka regjistruar procedimin penal p\u00ebr vepr\u00ebn penale \u201cShkat\u00ebrrimi pron\u00ebs me zjarr\u201d.<\/p>\n<p>Nga ana e prokuroris\u00eb \u00ebsht\u00eb urdh\u00ebruar administrimi i t\u00eb gjitha provave p\u00ebr t\u00eb dokumentuar shkakun dhe vler\u00ebn e d\u00ebmit t\u00eb shkaktuar, si dhe personat p\u00ebrgjegj\u00ebs p\u00ebr shkaktimin e d\u00ebmit. Me administrimin e akteve proceduriale dhe akteve t\u00eb ekspertimit do t\u00eb konkludohet mbi shkakun e r\u00ebnies s\u00eb zjarrit dhe vatr\u00ebs fillestare.<\/p>\n<p><span style=\"font-style: inherit; font-weight: inherit;\">Vlen t\u00eb thekohet fakti se n\u00eb muajin Mars t\u00eb vitit 2023, kryeministri Edi Rama dhe ish-ministrja e Sh\u00ebndet\u00ebsis\u00eb, Ogerta Menastirliu inaguarn investimin 17 milion euro t\u00eb rikonstruksionit t\u00eb QSUT-s\u00eb, q\u00eb si\u00e7 duket miliona euro jan\u00eb b\u00ebr\u00eb tym dhe hi.<\/span><\/p>\n<p>M\u00eb her\u00ebt \u00ebsht\u00eb raportuar se p\u00ebr shkak t\u00eb zjarrit tek QSUT, sh\u00ebrbimet jetike mjek\u00ebsore ende nuk jan\u00eb futur n\u00eb funksion, teksa spitali \u00ebsht\u00eb futur n\u00eb kolaps.<\/p>\n<p>Kujtojm\u00eb po ashtu se maxhoranca socialiste e Komisionit t\u00eb Sh\u00ebndet\u00ebsis\u00eb rr\u00ebzoi k\u00ebrkes\u00ebn e deputetes demokrate Albana Vokshi p\u00ebr t\u00eb kryer nj\u00eb inspektim parlamentar n\u00eb urgjenc\u00ebn e QSUT-s\u00eb pasi ajo u d\u00ebmtua nga zjarri i\u00a0r\u00ebn\u00eb n\u00eb katin e par\u00eb n\u00eb or\u00ebt e para t\u00eb m\u00ebngjesit t\u00eb 11 shkurtit.<\/p>\n","protected":false},"excerpt":{"rendered":"<p>Albana Fico, e cila mbante postin e drejtoresh\u00ebs s\u00eb Qendr\u00ebs Spitalore Universitare N\u00ebn\u00eb Tereza (QSUT), \u00ebsht\u00eb larguar nga detyra. Ende nuk dihen shkaqet e largimit t\u00eb Albana Ficos, por kujtojm\u00eb se ajo ka qen\u00eb e sulmuar nga opozita p\u00ebr tenderat e barnave. Po ashtu, p\u00ebr zjarrin n\u00eb urgjenc\u00ebn e QSUT, \u00ebsht\u00eb nisur nj\u00eb hetim nga &hellip;<\/p>\n","protected":false},"author":4,"featured_media":74536,"comment_status":"closed","ping_status":"closed","sticky":false,"template":"","format":"standard","meta":{"footnotes":""},"categories":[37],"tags":[],"class_list":["post-74535","post","type-post","status-publish","format-standard","has-post-thumbnail","","category-politike"],"_links":{"self":[{"href":"https:\/\/rdnews.al\/index.php\/wp-json\/wp\/v2\/posts\/74535","targetHints":{"allow":["GET"]}}],"collection":[{"href":"https:\/\/rdnews.al\/index.php\/wp-json\/wp\/v2\/posts"}],"about":[{"href":"https:\/\/rdnews.al\/index.php\/wp-json\/wp\/v2\/types\/post"}],"author":[{"embeddable":true,"href":"https:\/\/rdnews.al\/index.php\/wp-json\/wp\/v2\/users\/4"}],"replies":[{"embeddable":true,"href":"https:\/\/rdnews.al\/index.php\/wp-json\/wp\/v2\/comments?post=74535"}],"version-history":[{"count":0,"href":"https:\/\/rdnews.al\/index.php\/wp-json\/wp\/v2\/posts\/74535\/revisions"}],"wp:featuredmedia":[{"embeddable":true,"href":"https:\/\/rdnews.al\/index.php\/wp-json\/wp\/v2\/media\/74536"}],"wp:attachment":[{"href":"https:\/\/rdnews.al\/index.php\/wp-json\/wp\/v2\/media?parent=74535"}],"wp:term":[{"taxonomy":"category","embeddable":true,"href":"https:\/\/rdnews.al\/index.php\/wp-json\/wp\/v2\/categories?post=74535"},{"taxonomy":"post_tag","embeddable":true,"href":"https:\/\/rdnews.al\/index.php\/wp-json\/wp\/v2\/tags?post=74535"}],"curies":[{"name":"wp","href":"https:\/\/api.w.org\/{rel}","templated":true}]}}