{"id":74557,"date":"2024-03-25T10:25:28","date_gmt":"2024-03-25T10:25:28","guid":{"rendered":"https:\/\/rdnews.al\/?p=74557"},"modified":"2024-03-25T10:25:28","modified_gmt":"2024-03-25T10:25:28","slug":"la-gazzetta-dello-sport-reportazh-per-kuqezinjte-gjimshiti-nuk-i-trembemi-askujt","status":"publish","type":"post","link":"https:\/\/rdnews.al\/index.php\/2024\/03\/25\/la-gazzetta-dello-sport-reportazh-per-kuqezinjte-gjimshiti-nuk-i-trembemi-askujt\/","title":{"rendered":"La Gazzetta dello Sport reportazh p\u00ebr kuqezinjt\u00eb, Gjimshiti: Nuk i trembemi askujt!"},"content":{"rendered":"<p>La Gazzetta dello Sport, e p\u00ebrditshmja m\u00eb e madhe sportive italiane, i ka kushtuar nj\u00eb reportazh special p\u00ebrfaq\u00ebsueses kuqezi. Dy faqe t\u00eb plota nga kjo gazet\u00eb prestigjioze dedikuar kund\u00ebrshtarit t\u00eb par\u00eb n\u00eb Euro 2024 p\u00ebr Italin\u00eb. S\u00eb pari evidentohet lidhja e fort\u00eb mes dy vendeve, q\u00eb nuk ka t\u00eb b\u00ebj\u00eb vet\u00ebm me pozicionin gjeografik. Jan\u00eb t\u00eb shumt\u00eb futbollist\u00ebt e Shqip\u00ebris\u00eb q\u00eb aktualisht luajn\u00eb n\u00eb Serin\u00eb A italiane.<\/p>\n<p><strong> GJIMSHITI \u2013<\/strong>\u00a0\u201cFlasin italisht, mendojn\u00eb si italian\u00ebt dhe dashurojn\u00eb Italin\u00eb\u201d, nis reportazhi i gazet\u00ebs s\u00eb njohur, q\u00eb menj\u00ebher\u00eb citon lojtarin kryesor t\u00eb Shqip\u00ebris\u00eb, kapitenin Berat Gjimshiti: \u201cDuhet ta ken\u00eb t\u00eb qart\u00eb se ne nuk i trembemi askujt. \u00cbsht\u00eb e v\u00ebrtet\u00eb se Italia \u00ebsht\u00eb e fort\u00eb, ka histori dhe \u00ebsht\u00eb favorite. Por n\u00eb futboll kemi par\u00eb se surprizat jan\u00eb t\u00eb shumta\u201d. Pasi tregon se vitet e fundit Gjimshiti \u00ebsht\u00eb st\u00ebrvitur n\u00eb Komb\u00ebtare nga emra trajner\u00ebsh, si De Biazi, Panu\u00e7i dhe Reja, \u201cGazzetta dello Sport\u201d thekson se edhe \u00e7antat e shumta t\u00eb zbarkuara nga magazinier\u00ebt shqiptar\u00eb n\u00eb \u201cTardini\u201d t\u00eb Parm\u00ebs kan\u00eb di\u00e7ka italiane\u2026 jan\u00eb t\u00eb sponsorit teknik t\u00eb Shqip\u00ebris\u00eb \u201cMacron\u201d (edhe kjo italiane). Prestigjiozja sportive italiane pastaj tregon se tre bashk\u00ebpun\u00ebtor\u00eb t\u00eb Silvinjos jan\u00eb italian\u00eb. B\u00ebhet fjal\u00eb p\u00ebr p\u00ebrgatit\u00ebsin atletik Luka Laurenti (nga Terni), p\u00ebr analistin e takimeve Alariko Rosi (nga Siena) dhe mjekun Xhanluka Stesina (nga Torino). Gazetar\u00ebve italian\u00eb u kishte b\u00ebr\u00eb p\u00ebrshtypje italishtja e rrjedhshme e shefit t\u00eb marr\u00ebdh\u00ebnieve me mediat n\u00eb FSHF, Fatjon Kodra. \u201cKy i fundit, ashtu si eprori i tij, e flasin mjaft mir\u00eb gjuh\u00ebn ton\u00eb\u201d, thuhej n\u00eb reportazh.<\/p>\n<p><strong>DUKA \u2013<\/strong>\u00a0\u201cDashuroj vendin tuaj, aty ku m\u00eb par\u00eb gjet\u00ebm streh\u00eb kur ishim n\u00eb v\u00ebshtir\u00ebsi. Ishim t\u00eb varf\u00ebr dhe k\u00ebrkonim pun\u00eb. Tani udh\u00ebtoj shpesh me destinacion Milanon, Bergamon, Rom\u00ebn, Empolin dhe disa qytete t\u00eb tjera. Vij p\u00ebr t\u00eb par\u00eb djemt\u00eb tan\u00eb, nuk jetoj dot pa futboll dhe pa\u2026 makarona. Edhe n\u00eb sht\u00ebpi gatuaj sikur t\u00eb isha n\u00eb grumbullim, edhe pse pjatat tona tradicionale jan\u00eb fasulet, mishi dhe mbi t\u00eb gjitha pula e pjekur\u201d, tregon presidenti i\u00a0FSHF-s\u00eb, Armando Duka. Numri 1 i Federat\u00ebs Shqiptare t\u00eb Futbollit pohon se ka nj\u00eb marr\u00ebdh\u00ebnie mjaft t\u00eb mir\u00eb me homologun e tij italian. \u201cRuaj raporte t\u00eb mira me Gravin\u00ebn. Erdhi n\u00eb Tiran\u00eb n\u00eb shkurt, pasi asistoi n\u00eb ceremonin\u00eb kushtuar Paolo Rosit. Udh\u00ebtoi drejt vendin ton\u00eb s\u00eb bashku me zonj\u00ebn Rosi, Sakin, Tardelin dhe Kabrinin. Ai event preku shum\u00eb tifoz\u00eb t\u00eb Milanit, t\u00eb cil\u00ebt jan\u00eb t\u00eb shumt\u00eb n\u00eb num\u00ebr n\u00eb Shqip\u00ebri, edhe pse koh\u00ebt e fundit Asllani po shton shum\u00eb interist\u00ebt\u201d, tregon kreu i futbollit shqiptar, Armando Duka.<\/p>\n","protected":false},"excerpt":{"rendered":"<p>La Gazzetta dello Sport, e p\u00ebrditshmja m\u00eb e madhe sportive italiane, i ka kushtuar nj\u00eb reportazh special p\u00ebrfaq\u00ebsueses kuqezi. Dy faqe t\u00eb plota nga kjo gazet\u00eb prestigjioze dedikuar kund\u00ebrshtarit t\u00eb par\u00eb n\u00eb Euro 2024 p\u00ebr Italin\u00eb. S\u00eb pari evidentohet lidhja e fort\u00eb mes dy vendeve, q\u00eb nuk ka t\u00eb b\u00ebj\u00eb vet\u00ebm me pozicionin gjeografik. Jan\u00eb &hellip;<\/p>\n","protected":false},"author":4,"featured_media":74558,"comment_status":"closed","ping_status":"closed","sticky":false,"template":"","format":"standard","meta":{"footnotes":""},"categories":[39],"tags":[],"class_list":["post-74557","post","type-post","status-publish","format-standard","has-post-thumbnail","","category-sport"],"_links":{"self":[{"href":"https:\/\/rdnews.al\/index.php\/wp-json\/wp\/v2\/posts\/74557","targetHints":{"allow":["GET"]}}],"collection":[{"href":"https:\/\/rdnews.al\/index.php\/wp-json\/wp\/v2\/posts"}],"about":[{"href":"https:\/\/rdnews.al\/index.php\/wp-json\/wp\/v2\/types\/post"}],"author":[{"embeddable":true,"href":"https:\/\/rdnews.al\/index.php\/wp-json\/wp\/v2\/users\/4"}],"replies":[{"embeddable":true,"href":"https:\/\/rdnews.al\/index.php\/wp-json\/wp\/v2\/comments?post=74557"}],"version-history":[{"count":0,"href":"https:\/\/rdnews.al\/index.php\/wp-json\/wp\/v2\/posts\/74557\/revisions"}],"wp:featuredmedia":[{"embeddable":true,"href":"https:\/\/rdnews.al\/index.php\/wp-json\/wp\/v2\/media\/74558"}],"wp:attachment":[{"href":"https:\/\/rdnews.al\/index.php\/wp-json\/wp\/v2\/media?parent=74557"}],"wp:term":[{"taxonomy":"category","embeddable":true,"href":"https:\/\/rdnews.al\/index.php\/wp-json\/wp\/v2\/categories?post=74557"},{"taxonomy":"post_tag","embeddable":true,"href":"https:\/\/rdnews.al\/index.php\/wp-json\/wp\/v2\/tags?post=74557"}],"curies":[{"name":"wp","href":"https:\/\/api.w.org\/{rel}","templated":true}]}}