{"id":74566,"date":"2024-03-25T10:40:39","date_gmt":"2024-03-25T10:40:39","guid":{"rendered":"https:\/\/rdnews.al\/?p=74566"},"modified":"2024-03-25T10:40:39","modified_gmt":"2024-03-25T10:40:39","slug":"gjokutaj-spak-po-e-trajton-liderin-e-opozites-me-ligjin-e-te-denuarve","status":"publish","type":"post","link":"https:\/\/rdnews.al\/index.php\/2024\/03\/25\/gjokutaj-spak-po-e-trajton-liderin-e-opozites-me-ligjin-e-te-denuarve\/","title":{"rendered":"Gjokutaj: SPAK po e trajton liderin e opozit\u00ebs me ligjin e t\u00eb d\u00ebnuarve!"},"content":{"rendered":"<p>Avokati i kreut t\u00eb opozit\u00ebs, Sali Berisha, foli p\u00ebr mediat pas p\u00ebrfundimit t\u00eb seanc\u00ebs n\u00eb Gjykat\u00ebn e Apelit t\u00eb Posa\u00e7\u00ebm, ku u shqyrtua k\u00ebrkesa e kreut demokrat p\u00ebr t\u00eb marr\u00eb pjes\u00eb n\u00eb seancat plenare.<\/p>\n<p>Genc Gjokutaj tha se, vendimi do t\u00eb shpallet n\u00eb or\u00ebn 15.30, por ai u shpreh se, SPAK k\u00ebrkon ta trajtoj\u00eb zotin Berisha me ligjin e t\u00eb d\u00ebnuarve.<\/p>\n<p>\u201cSeanca u zhvillua mbi baz\u00ebn e nj\u00eb debati.\u00a0Ata nuk pranojn\u00eb n\u00eb m\u00ebnyr\u00eb absolute&#8230;\u00a0prokuroria dhe SPAK konceptojn\u00eb q\u00eb zoti Berisha t\u00eb trajtohet me ligjin e t\u00eb d\u00ebnuarve dhe t\u00eb paraburgosurve\u201d,\u00a0tha Gjokutaj.<\/p>\n<p>\u201cAta nuk pranojn\u00eb n\u00eb m\u00ebnyr\u00eb absolute, k\u00ebrkojn\u00eb q\u00eb t\u00eb trajtohet si nj\u00eb nj\u00ebri i thjesht\u00eb, pa marr\u00eb parasysh mandatin e tij&#8221;.<\/p>\n<p>Avokati deklaroi s\u00ebrish se q\u00ebllimi i gjykat\u00ebs \u00ebsht\u00eb q\u00eb t\u00eb digjet mandati i liderit opozitar.<\/p>\n<p>\u201cKjo \u00ebsht\u00eb strategjia e Ram\u00ebs dhe ata e kan\u00eb stisur k\u00ebt\u00eb \u00e7\u00ebshtje. K\u00ebta deri m\u00eb sot ia kan\u00eb arritur q\u00eb me an\u00eb t\u00eb k\u00ebsaj gjykate t\u00eb kapur, t\u00eb realizojn\u00eb k\u00ebt\u00eb skenar. Ne do t\u2019i kund\u00ebrvihemi me mjetet ligjore. E kemi th\u00ebn\u00eb. Vendimi i gjykat\u00ebs do t\u00eb zbardhet n\u00eb 15:30\u201d,\u00a0tha Gjokutaj.<\/p>\n","protected":false},"excerpt":{"rendered":"<p>Avokati i kreut t\u00eb opozit\u00ebs, Sali Berisha, foli p\u00ebr mediat pas p\u00ebrfundimit t\u00eb seanc\u00ebs n\u00eb Gjykat\u00ebn e Apelit t\u00eb Posa\u00e7\u00ebm, ku u shqyrtua k\u00ebrkesa e kreut demokrat p\u00ebr t\u00eb marr\u00eb pjes\u00eb n\u00eb seancat plenare. Genc Gjokutaj tha se, vendimi do t\u00eb shpallet n\u00eb or\u00ebn 15.30, por ai u shpreh se, SPAK k\u00ebrkon ta trajtoj\u00eb zotin &hellip;<\/p>\n","protected":false},"author":4,"featured_media":69551,"comment_status":"closed","ping_status":"closed","sticky":false,"template":"","format":"standard","meta":{"footnotes":""},"categories":[37],"tags":[],"class_list":["post-74566","post","type-post","status-publish","format-standard","has-post-thumbnail","","category-politike"],"_links":{"self":[{"href":"https:\/\/rdnews.al\/index.php\/wp-json\/wp\/v2\/posts\/74566","targetHints":{"allow":["GET"]}}],"collection":[{"href":"https:\/\/rdnews.al\/index.php\/wp-json\/wp\/v2\/posts"}],"about":[{"href":"https:\/\/rdnews.al\/index.php\/wp-json\/wp\/v2\/types\/post"}],"author":[{"embeddable":true,"href":"https:\/\/rdnews.al\/index.php\/wp-json\/wp\/v2\/users\/4"}],"replies":[{"embeddable":true,"href":"https:\/\/rdnews.al\/index.php\/wp-json\/wp\/v2\/comments?post=74566"}],"version-history":[{"count":0,"href":"https:\/\/rdnews.al\/index.php\/wp-json\/wp\/v2\/posts\/74566\/revisions"}],"wp:featuredmedia":[{"embeddable":true,"href":"https:\/\/rdnews.al\/index.php\/wp-json\/wp\/v2\/media\/69551"}],"wp:attachment":[{"href":"https:\/\/rdnews.al\/index.php\/wp-json\/wp\/v2\/media?parent=74566"}],"wp:term":[{"taxonomy":"category","embeddable":true,"href":"https:\/\/rdnews.al\/index.php\/wp-json\/wp\/v2\/categories?post=74566"},{"taxonomy":"post_tag","embeddable":true,"href":"https:\/\/rdnews.al\/index.php\/wp-json\/wp\/v2\/tags?post=74566"}],"curies":[{"name":"wp","href":"https:\/\/api.w.org\/{rel}","templated":true}]}}