{"id":74709,"date":"2024-03-26T14:10:15","date_gmt":"2024-03-26T14:10:15","guid":{"rendered":"https:\/\/rdnews.al\/?p=74709"},"modified":"2024-03-26T14:10:15","modified_gmt":"2024-03-26T14:10:15","slug":"meta-solidarizohet-me-berishen-jam-24-ore-tek-rruga-e-shpreses","status":"publish","type":"post","link":"https:\/\/rdnews.al\/index.php\/2024\/03\/26\/meta-solidarizohet-me-berishen-jam-24-ore-tek-rruga-e-shpreses\/","title":{"rendered":"Meta solidarizohet me Berish\u00ebn: Jam 24 or\u00eb tek &#8220;Rruga e Shpres\u00ebs&#8221;"},"content":{"rendered":"<p>Kryetari i Partis\u00eb s\u00eb Liris\u00eb Ilir Meta, ka komentuar fjalimin e p\u00ebrnatsh\u00ebm t\u00eb liderit demokrat Sali Berisha nga ballkoni i sht\u00ebpis\u00eb s\u00eb tij, ku ndodhet n\u00eb mas\u00ebn e siguris\u00eb arrest sht\u00ebpie.<\/p>\n<p>Meta theksoi se shpreh solidaritet me Berish\u00ebn, t\u00eb cilin e ka quajtur legjenda e ballkonit. M\u00eb tej, Meta shtoi se Berisha ka denoncuar aferat e tmerrshme t\u00eb qeveris\u00eb. P\u00ebr Met\u00ebn, Berisha ka luajtur rol historik p\u00ebr Shqip\u00ebrin\u00eb.<\/p>\n<p>\u201cJam 24 or\u00eb tek Rruga e Shpres\u00ebs dhe n\u00eb solidaritet me legjend\u00ebn e ballkonit, k\u00ebshtu do ta quaj un\u00eb tani. Berisha dhe nga ballkoni frym\u00ebzon dhe b\u00ebn hatan\u00eb duke denoncuar krimin dhe korrupsionin. Nuk m\u00eb ka ftuar Flamur Noka t\u00eb shkoj atje, n\u00ebse m\u00eb fton Noka patjet\u00ebr q\u00eb do shkoj.<\/p>\n<p>Jam 24 or\u00eb n\u00eb p\u00ebrkrahje dhe solidaritet ndaj aktit skandaloz q\u00eb \u00ebsht\u00eb nd\u00ebrmarr\u00eb ndaj nj\u00eb politikani, ndaj t\u00eb cilit secili mund t\u00eb ket\u00eb v\u00ebrejtjet e tij, por ka luajtur rol historik p\u00ebr pluralizmin n\u00eb Shqip\u00ebri, q\u00eb ka luajtur rol historik p\u00ebr an\u00ebtar\u00ebsimin e Shqip\u00ebris\u00eb n\u00eb NATO\u201d, deklaroi Meta.<\/p>\n","protected":false},"excerpt":{"rendered":"<p>Kryetari i Partis\u00eb s\u00eb Liris\u00eb Ilir Meta, ka komentuar fjalimin e p\u00ebrnatsh\u00ebm t\u00eb liderit demokrat Sali Berisha nga ballkoni i sht\u00ebpis\u00eb s\u00eb tij, ku ndodhet n\u00eb mas\u00ebn e siguris\u00eb arrest sht\u00ebpie. Meta theksoi se shpreh solidaritet me Berish\u00ebn, t\u00eb cilin e ka quajtur legjenda e ballkonit. M\u00eb tej, Meta shtoi se Berisha ka denoncuar aferat &hellip;<\/p>\n","protected":false},"author":3,"featured_media":0,"comment_status":"closed","ping_status":"closed","sticky":false,"template":"","format":"standard","meta":{"footnotes":""},"categories":[37],"tags":[],"class_list":["post-74709","post","type-post","status-publish","format-standard","","category-politike"],"_links":{"self":[{"href":"https:\/\/rdnews.al\/index.php\/wp-json\/wp\/v2\/posts\/74709","targetHints":{"allow":["GET"]}}],"collection":[{"href":"https:\/\/rdnews.al\/index.php\/wp-json\/wp\/v2\/posts"}],"about":[{"href":"https:\/\/rdnews.al\/index.php\/wp-json\/wp\/v2\/types\/post"}],"author":[{"embeddable":true,"href":"https:\/\/rdnews.al\/index.php\/wp-json\/wp\/v2\/users\/3"}],"replies":[{"embeddable":true,"href":"https:\/\/rdnews.al\/index.php\/wp-json\/wp\/v2\/comments?post=74709"}],"version-history":[{"count":0,"href":"https:\/\/rdnews.al\/index.php\/wp-json\/wp\/v2\/posts\/74709\/revisions"}],"wp:attachment":[{"href":"https:\/\/rdnews.al\/index.php\/wp-json\/wp\/v2\/media?parent=74709"}],"wp:term":[{"taxonomy":"category","embeddable":true,"href":"https:\/\/rdnews.al\/index.php\/wp-json\/wp\/v2\/categories?post=74709"},{"taxonomy":"post_tag","embeddable":true,"href":"https:\/\/rdnews.al\/index.php\/wp-json\/wp\/v2\/tags?post=74709"}],"curies":[{"name":"wp","href":"https:\/\/api.w.org\/{rel}","templated":true}]}}