{"id":74885,"date":"2024-03-28T11:27:37","date_gmt":"2024-03-28T11:27:37","guid":{"rendered":"https:\/\/rdnews.al\/?p=74885"},"modified":"2024-03-28T12:17:48","modified_gmt":"2024-03-28T12:17:48","slug":"15-vjet-shqiperia-ne-nato-mustafaj-gjithcka-permblidhet-te-fjalia-e-berishes-kjo-eshte-mrekullia-e-lirise","status":"publish","type":"post","link":"https:\/\/rdnews.al\/index.php\/2024\/03\/28\/15-vjet-shqiperia-ne-nato-mustafaj-gjithcka-permblidhet-te-fjalia-e-berishes-kjo-eshte-mrekullia-e-lirise\/","title":{"rendered":"15 vjet Shqip\u00ebria n\u00eb NATO\/ Mustafaj: Gjith\u00e7ka p\u00ebrmblidhet te fjalia e Berish\u00ebs: Kjo \u00ebsht\u00eb mrekullia e liris\u00eb!"},"content":{"rendered":"<p>Ish-ministri i Jasht\u00ebm i Shqip\u00ebris\u00eb, Besnik Mustafaj, duke folur n\u00eb konferenc\u00ebn e organizuar me rastin e 15-vjetorit t\u00eb Shqip\u00ebris\u00eb n\u00eb NATO, tha se demokrat\u00ebt duhet t\u00eb ndjehen krenar\u00eb.<\/p>\n<p>\u201cKy p\u00ebrvjetor \u00ebsht\u00eb i g\u00ebzuesh\u00ebm p\u00ebr t\u00eb gjith\u00eb shqiptar\u00ebt, por ne demokrat\u00ebve na jep ve\u00e7an\u00ebrisht t\u00eb drejt\u00eb t\u00eb ndjehemi krenar\u00eb.<\/p>\n<p>An\u00ebtar\u00ebsimi i Shqip\u00ebris\u00eb n\u00eb NATO filloi n\u00eb fakt m\u00eb 22 mars 1992, edhe pse k\u00ebrkesa zyrtare u paraqit n\u00eb vitin 1994, n\u00eb qeverisjen e par\u00eb t\u00eb PD, dhe u p\u00ebrmbyll n\u00eb vitin 2009 si nj\u00eb mrekulli e liris\u00eb n\u00ebn qeverisjen e dyt\u00eb t\u00eb PD.<\/p>\n<p>Kjo nuk \u00ebsht\u00eb nj\u00eb rast\u00ebsi e fatit, por nj\u00eb vep\u00ebr madhore e vizionit euroatlantik t\u00eb demokrat\u00ebve n\u00eb sh\u00ebrbim t\u00eb Shqip\u00ebris\u00eb.<\/p>\n<p>Un\u00eb sot p\u00ebrkulem me nderim t\u00eb madh p\u00ebrpara t\u00eb gjith\u00eb sh\u00ebrbestar\u00ebve t\u00eb k\u00ebtij rrug\u00ebtimi shum\u00eb t\u00eb v\u00ebshtir\u00eb, por po aq t\u00eb mrekulluesh\u00ebm.<\/p>\n<p>Por nj\u00eb homazh t\u00eb ve\u00e7ant\u00eb e kam sot vet\u00ebm p\u00ebr nj\u00ebrin, ai \u00ebsht\u00eb Safet Zhulali, nj\u00eb nga themeluesit e PD dhe ministri i Mbrojtjes n\u00eb qeverin\u00eb ton\u00eb t\u00eb par\u00eb. Ai do mbetet n\u00eb historin\u00eb e Shqip\u00ebris\u00eb si burri i par\u00eb i shtetit q\u00eb u b\u00eb shembull i zbatimit me rrept\u00ebsi t\u00eb parimit kushtetues t\u00eb kontrollit civil mbi ushtrin\u00eb, pa t\u00eb cilin nuk mund t\u00eb mendohej nj\u00eb afrim me NATO-n,\u201d\u00a0tha Mustafaj.<\/p>\n<p>Ai shtoi se reformimi i ushtris\u00eb dhe i shtetit ishte i v\u00ebshtir\u00eb dhe kjo u pa edhe te obstruksionizmi i opozit\u00ebs marksiste dhe te revolucioni i oficer\u00ebve stalinist\u00eb n\u00eb vitin 1997.<\/p>\n<p>\u201cT\u00eb gjith\u00eb e pam\u00eb se \u00e7far\u00eb b\u00ebn\u00eb n\u00eb vitin 1997 me komitetet fam\u00ebkeqe t\u00eb shp\u00ebtimit komb\u00ebtar, pik\u00ebrisht oficer\u00ebt stalinist\u00eb t\u00eb liruar nga sh\u00ebrbimi gjat\u00eb dy viteve t\u00eb para t\u00eb demokracis\u00eb.<\/p>\n<p>N\u00eb vler\u00ebsimin tim, p\u00ebr nga sfidat me t\u00eb cilat u p\u00ebrball qeverisja e PD, plot\u00ebsimi i kushteve p\u00ebr t\u00eb paraqitur zyrtarisht k\u00ebrkes\u00ebn p\u00ebr an\u00ebtar\u00ebsim n\u00eb NATO, p\u00ebrb\u00ebnte gjysm\u00ebn e rrug\u00ebs gjersa an\u00ebtar\u00ebsimi t\u00eb b\u00ebhej realitet,\u201d\u00a0tha Mustafaj.<\/p>\n<p>\u201cPD ishte themeluar dhe po provohej n\u00eb qeverisje si nj\u00eb forc\u00eb politike thell\u00ebsisht pro-per\u00ebndimore. Si e till\u00eb, PD do mbetet n\u00eb histori jo vet\u00ebm si faktori p\u00ebrcaktues p\u00ebr ringjalljen e miq\u00ebsis\u00eb shqiptaro-amerikane, por edhe si nd\u00ebrtuesja e ur\u00ebs s bashk\u00ebpunimit t\u00eb gjithansh\u00ebm strategjik mes dy vendeve tona.<\/p>\n<p>Edhe sot e k\u00ebsaj dite, bashk\u00ebpunimi shqiptaro-amerikan zhvillohet p\u00ebrmes urave q\u00eb u nd\u00ebrtuan n\u00eb qeverisjen e par\u00eb t\u00eb PD. Kjo tregon se q\u00eb n\u00eb fillim, PD dhe qeverisja e saj, bashk\u00ebpunimin me SHBA e pan\u00eb si lidhje afatgjat\u00eb strategjike q\u00eb do vinte vet\u00ebm duke u forcuar,\u201d\u00a0tha ish-ministri.<\/p>\n<p>\u201cP\u00ebrfundimi i k\u00ebtij udh\u00ebtimi p\u00ebrmblidhet n\u00eb fjalimin m\u00eb t\u00eb shkurt\u00ebr q\u00eb ka mbajtur Sali Berisha n\u00eb jet\u00ebn e tij politike. \u00cbsht\u00eb vet\u00eb, nj fjali me kat\u00ebr fjal\u00eb, th\u00ebn\u00eb n\u00eb pranin\u00eb e presidentit amerikan n\u00eb \u00e7astin e marrjes s\u00eb ftes\u00ebs p\u00ebr an\u00ebtar\u00ebsim n\u00eb NATO: This is a miracle of freedom!\u201d, tha Mustafaj.<\/p>\n","protected":false},"excerpt":{"rendered":"<p>Ish-ministri i Jasht\u00ebm i Shqip\u00ebris\u00eb, Besnik Mustafaj, duke folur n\u00eb konferenc\u00ebn e organizuar me rastin e 15-vjetorit t\u00eb Shqip\u00ebris\u00eb n\u00eb NATO, tha se demokrat\u00ebt duhet t\u00eb ndjehen krenar\u00eb. \u201cKy p\u00ebrvjetor \u00ebsht\u00eb i g\u00ebzuesh\u00ebm p\u00ebr t\u00eb gjith\u00eb shqiptar\u00ebt, por ne demokrat\u00ebve na jep ve\u00e7an\u00ebrisht t\u00eb drejt\u00eb t\u00eb ndjehemi krenar\u00eb. An\u00ebtar\u00ebsimi i Shqip\u00ebris\u00eb n\u00eb NATO filloi n\u00eb &hellip;<\/p>\n","protected":false},"author":4,"featured_media":0,"comment_status":"closed","ping_status":"closed","sticky":false,"template":"","format":"standard","meta":{"footnotes":""},"categories":[37],"tags":[],"class_list":["post-74885","post","type-post","status-publish","format-standard","","category-politike"],"_links":{"self":[{"href":"https:\/\/rdnews.al\/index.php\/wp-json\/wp\/v2\/posts\/74885","targetHints":{"allow":["GET"]}}],"collection":[{"href":"https:\/\/rdnews.al\/index.php\/wp-json\/wp\/v2\/posts"}],"about":[{"href":"https:\/\/rdnews.al\/index.php\/wp-json\/wp\/v2\/types\/post"}],"author":[{"embeddable":true,"href":"https:\/\/rdnews.al\/index.php\/wp-json\/wp\/v2\/users\/4"}],"replies":[{"embeddable":true,"href":"https:\/\/rdnews.al\/index.php\/wp-json\/wp\/v2\/comments?post=74885"}],"version-history":[{"count":0,"href":"https:\/\/rdnews.al\/index.php\/wp-json\/wp\/v2\/posts\/74885\/revisions"}],"wp:attachment":[{"href":"https:\/\/rdnews.al\/index.php\/wp-json\/wp\/v2\/media?parent=74885"}],"wp:term":[{"taxonomy":"category","embeddable":true,"href":"https:\/\/rdnews.al\/index.php\/wp-json\/wp\/v2\/categories?post=74885"},{"taxonomy":"post_tag","embeddable":true,"href":"https:\/\/rdnews.al\/index.php\/wp-json\/wp\/v2\/tags?post=74885"}],"curies":[{"name":"wp","href":"https:\/\/api.w.org\/{rel}","templated":true}]}}