{"id":74921,"date":"2024-03-28T12:38:06","date_gmt":"2024-03-28T12:38:06","guid":{"rendered":"https:\/\/rdnews.al\/?p=74921"},"modified":"2024-03-28T12:39:02","modified_gmt":"2024-03-28T12:39:02","slug":"ish-kryebashkiaku-socialist-i-sarandes-thirret-ne-spak-per-inceneratoret","status":"publish","type":"post","link":"https:\/\/rdnews.al\/index.php\/2024\/03\/28\/ish-kryebashkiaku-socialist-i-sarandes-thirret-ne-spak-per-inceneratoret\/","title":{"rendered":"Ish-kryebashkiaku socialist i Sarand\u00ebs thirret n\u00eb SPAK p\u00ebr incenerator\u00ebt"},"content":{"rendered":"<p>&nbsp;<\/p>\n<p>Ish-kryetari i bashkis\u00eb s\u00eb Sarand\u00ebs, Stefan \u00c7ipa \u00ebsht\u00eb paraqitur sot n\u00eb SPAK.<\/p>\n<p>Ish-deputeti \u00ebsht\u00eb thirrur n\u00eb Prokurorin\u00eb e Posa\u00e7me p\u00ebr \u00e7\u00ebshtjen e incenerator\u00ebve.<\/p>\n<p>Kujtojm\u00eb se Stefan \u00c7ipa ka q\u00ebn\u00eb gjithashtu edhe ish-drejtor i burgjeve.<\/p>\n","protected":false},"excerpt":{"rendered":"<p>&nbsp; Ish-kryetari i bashkis\u00eb s\u00eb Sarand\u00ebs, Stefan \u00c7ipa \u00ebsht\u00eb paraqitur sot n\u00eb SPAK. Ish-deputeti \u00ebsht\u00eb thirrur n\u00eb Prokurorin\u00eb e Posa\u00e7me p\u00ebr \u00e7\u00ebshtjen e incenerator\u00ebve. Kujtojm\u00eb se Stefan \u00c7ipa ka q\u00ebn\u00eb gjithashtu edhe ish-drejtor i burgjeve.<\/p>\n","protected":false},"author":4,"featured_media":74922,"comment_status":"closed","ping_status":"closed","sticky":false,"template":"","format":"standard","meta":{"footnotes":""},"categories":[37],"tags":[],"class_list":["post-74921","post","type-post","status-publish","format-standard","has-post-thumbnail","","category-politike"],"_links":{"self":[{"href":"https:\/\/rdnews.al\/index.php\/wp-json\/wp\/v2\/posts\/74921","targetHints":{"allow":["GET"]}}],"collection":[{"href":"https:\/\/rdnews.al\/index.php\/wp-json\/wp\/v2\/posts"}],"about":[{"href":"https:\/\/rdnews.al\/index.php\/wp-json\/wp\/v2\/types\/post"}],"author":[{"embeddable":true,"href":"https:\/\/rdnews.al\/index.php\/wp-json\/wp\/v2\/users\/4"}],"replies":[{"embeddable":true,"href":"https:\/\/rdnews.al\/index.php\/wp-json\/wp\/v2\/comments?post=74921"}],"version-history":[{"count":0,"href":"https:\/\/rdnews.al\/index.php\/wp-json\/wp\/v2\/posts\/74921\/revisions"}],"wp:featuredmedia":[{"embeddable":true,"href":"https:\/\/rdnews.al\/index.php\/wp-json\/wp\/v2\/media\/74922"}],"wp:attachment":[{"href":"https:\/\/rdnews.al\/index.php\/wp-json\/wp\/v2\/media?parent=74921"}],"wp:term":[{"taxonomy":"category","embeddable":true,"href":"https:\/\/rdnews.al\/index.php\/wp-json\/wp\/v2\/categories?post=74921"},{"taxonomy":"post_tag","embeddable":true,"href":"https:\/\/rdnews.al\/index.php\/wp-json\/wp\/v2\/tags?post=74921"}],"curies":[{"name":"wp","href":"https:\/\/api.w.org\/{rel}","templated":true}]}}