{"id":74968,"date":"2024-03-28T18:30:27","date_gmt":"2024-03-28T18:30:27","guid":{"rendered":"https:\/\/rdnews.al\/?p=74968"},"modified":"2024-03-28T18:30:27","modified_gmt":"2024-03-28T18:30:27","slug":"olsi-rama-ne-dosjen-e-droges-se-xibrakes-birn-informacionet-erdhen-nga-autoritetet-gjermane","status":"publish","type":"post","link":"https:\/\/rdnews.al\/index.php\/2024\/03\/28\/olsi-rama-ne-dosjen-e-droges-se-xibrakes-birn-informacionet-erdhen-nga-autoritetet-gjermane\/","title":{"rendered":"Olsi Rama n\u00eb dosjen e drog\u00ebs s\u00eb Xibrak\u00ebs\/ BIRN: Informacionet erdh\u00ebn nga autoritetet gjermane"},"content":{"rendered":"<p><strong>Kreu i grupit parlamentar t\u00eb PD, Gazmend Bardhi denoncoi p\u00ebrmes dokumenteve t\u00eb prokuroris\u00eb dhe t\u00eb sistemit TIMS se Olsi Rama ka p\u00ebrdorur t\u00eb nj\u00ebjt\u00ebn makin\u00eb me an\u00ebtar\u00ebt e nj\u00eb grupi t\u00eb trafikut t\u00eb drog\u00ebs n\u00eb vitin 2014 dhe k\u00ebrkoi rihapjen e hetimeve.<\/strong><br \/>\n<strong>BIRN\u00a0<\/strong><\/p>\n<p>Kryetari i Grupit Parlamentar t\u00eb Partis\u00eb Demokratike,\u00a0Gazmend Bardhi\u00a0akuzoi t\u00eb enjten Olsi Ram\u00ebn, v\u00ebllai i kryeministrit\u00a0Edi Rama, p\u00ebr lidhje me nj\u00eb organizat\u00eb kriminale t\u00eb trafikut nd\u00ebrkomb\u00ebtar t\u00eb kokain\u00ebs n\u00eb vitin 2014 dhe i b\u00ebri thirrje Prokuroris\u00eb q\u00eb t\u00eb rihap\u00eb hetimet p\u00ebr t\u00eb verifikuar rolin e tij n\u00eb dosjen e njohur t\u00eb laboratorit t\u00eb kokain\u00ebs n\u00eb Xibrak\u00eb.<\/p>\n<p>Bardhi iu referua dokumenteve t\u00eb Prokuroris\u00eb s\u00eb Krimeve t\u00eb R\u00ebnda dhe t\u00eb dh\u00ebnave t\u00eb sistemit TIMS p\u00ebr t\u00eb provuar sipas tij faktin se\u00a0Olsi Rama\u00a0ka p\u00ebrdorur gjat\u00eb vitit 2014 t\u00eb nj\u00ebjt\u00ebn makin\u00eb me t\u00eb d\u00ebnuarit e tjer\u00eb t\u00eb dosjes \u201cXibraka\u201d, ku policia zbuloi at\u00eb koh\u00eb nj\u00eb laborator t\u00eb p\u00ebrpunimit t\u00eb kokain\u00ebs n\u00eb fshatin me t\u00eb nj\u00ebjtin em\u00ebr.<\/p>\n<p>\u201cProkuroria hapi nj\u00eb dosje sekrete paralele p\u00ebr t\u00eb hetuar nj\u00eb 45 vje\u00e7ar t\u00eb paidentifikuar me em\u00ebr, q\u00eb ka p\u00ebrdorur t\u00eb nj\u00ebjt\u00ebn makin\u00eb si Olsi Rama dhe trafikant\u00ebt e drog\u00ebs,\u201d tha Bardhi, duke theksuar se Olsi Rama ishte n\u00eb at\u00eb koh\u00eb 45 vje\u00e7. Ai shtoi gjithashtu se \u201cv\u00ebllai i kryeministrit dhe drejtuesit e narkotrafikut p\u00ebrdor\u00ebn t\u00eb nj\u00ebjt\u00ebn makin\u00eb 18 her\u00eb\u201d.<\/p>\n<p>Zyra e shtypit e kryeministrit nuk iu p\u00ebrgjigj pyetjes s\u00eb BIRN p\u00ebr koment mbi akuzat e ngritura ndaj v\u00ebllait t\u00eb Ram\u00ebs deri n\u00eb publikimin e k\u00ebtij shkrimi, nd\u00ebrsa Olsi Rama ishte i paaritsh\u00ebm.<\/p>\n<p>Sipas Bardhit, filli lidh\u00ebs mes Ram\u00ebs dhe an\u00ebtar\u00ebve t\u00eb tjer\u00eb t\u00eb grupit ishte makina me targa AA 653DM, e p\u00ebrdorur prej tyre dhe e regjistruar n\u00eb sistemin TIMS n\u00eb hyrjet dhe daljes nga vendi.<\/p>\n<p>Dokumentet e TIMS\u00a0t\u00eb v\u00ebna n\u00eb dispozicion nga Bardhi tregojn\u00eb se Olsi Rama ka hyr\u00eb n\u00eb territorin e Shqip\u00ebris\u00eb tre her\u00eb me k\u00ebt\u00eb makin\u00eb m\u00eb 8 qershor 2014, 13 korrik 2014 dhe 8 gusht 2014; respektivisht nga pikat kufitare t\u00eb Kapshtic\u00ebs, Qaf\u00eb Than\u00ebs dhe Qaf\u00eb Bot\u00ebs.<\/p>\n<p>E nj\u00ebjta makin\u00eb\u00a0\u00ebsht\u00eb p\u00ebrdorur disa her\u00eb nga\u00a0Gentian Gjonaj\u00a0nga prilli deri n\u00eb n\u00ebntor t\u00eb vitit 2014 dhe nga\u00a0Ermal Hoxha, nipi i ish-diktatorit Enver Hoxha, n\u00eb n\u00ebntor 2014. BIRN nuk arriti t\u00eb verifikoj\u00eb n\u00eb m\u00ebnyr\u00eb t\u00eb pavarur dokumentet e v\u00ebna n\u00eb dispozicion nga Bardhi.<\/p>\n<p>Sipas Bardhit, prokuroria dhe gjykata shqiptare kan\u00eb pranuar se personat e d\u00ebnuar nuk jan\u00eb t\u00eb vetmit persona q\u00eb kan\u00eb qen\u00eb t\u00eb p\u00ebrfshir\u00eb n\u00eb k\u00ebt\u00eb veprimtari kriminale, por nj\u00eb hetim p\u00ebr personat e paidentifikuar \u00ebsht\u00eb mbyllur m\u00eb tej.<\/p>\n<p>N\u00eb mars t\u00eb vitit 2016,\u00a0Prokuroria e Krimeve t\u00eb R\u00ebnda\u00a0e ka ndar\u00eb m\u00eb vete procedimin p\u00ebr bashk\u00ebpun\u00ebtor\u00ebt e paidentifikuar, q\u00eb sipas Bardhit ishte vet\u00ebm nj\u00eb i till\u00eb, i diktuar nga sh\u00ebrbimet e v\u00ebzhgimit si drejtues i makin\u00ebs s\u00eb m\u00ebsip\u00ebrme dhe i p\u00ebrshkruar n\u00eb dokumentet e prokuroris\u00eb si \u201c45-vje\u00e7ar me flok\u00eb t\u00eb shkurtra\u201d.<\/p>\n<p>Hetimi p\u00ebr grupin e p\u00ebrfshir\u00eb n\u00eb laboratorin e prodhimit t\u00eb kokain\u00ebs n\u00eb Xibrak\u00eb nisi n\u00eb dhjetor 2014, pas informacioneve t\u00eb mb\u00ebrritura n\u00eb Shqip\u00ebri nga autoritetet gjermane. N\u00eb janar 2015, Prokuroria e Krimeve t\u00eb R\u00ebnda vuri n\u00ebn akuz\u00eb 9 persona p\u00ebr trafikim t\u00eb l\u00ebnd\u00ebve narkotike dhe krijim t\u00eb grupit t\u00eb strukturuar kriminal.<\/p>\n<p>Prokuroria e Krimeve t\u00eb R\u00ebnda akuzoi Genci Xhix\u00ebn si drejtues t\u00eb grupit kriminal t\u00eb p\u00ebrfshir\u00eb n\u00eb laboratorin e kokain\u00ebs, por ai nuk u arrestua asnj\u00ebher\u00eb nga policia. An\u00ebtar\u00ebt e grupit u d\u00ebnuan me 104 vjet burg nga Gjykata e Krimeve t\u00eb R\u00ebnda, por d\u00ebnimet u leht\u00ebsuan n\u00eb Apel dhe disa prej tyre, si n\u00eb rastin e Ermal Hoxh\u00ebs dol\u00ebn m\u00eb her\u00ebt nga burgu p\u00ebr \u201csjellje t\u00eb mir\u00eb\u201d.<\/p>\n<p>Sipas kreut t\u00eb grupit parlamentar t\u00eb PD, Gazmend Bardhi, nuk dihet \u00e7far\u00eb fati ka p\u00ebsuar dosja e ve\u00e7uar sekrete me personin e paidentifikuar nga policia. Bardhi i k\u00ebrkon Prokuroris\u00eb s\u00eb Posa\u00e7me q\u00eb t\u00eb jap\u00eb nj\u00eb p\u00ebrgjigje p\u00ebr k\u00ebt\u00eb.<\/p>\n<p>\u201cJan\u00eb kaq shum\u00eb fakte, rrethana dhe indicie n\u00eb dosjen e hetuar keq t\u00eb prokuroris\u00eb, saq\u00eb drejt\u00ebsia ka p\u00ebr detyr\u00eb t\u00eb rihap\u00eb dosjen menj\u00ebher\u00eb\u201d, tha Bardhi duke i b\u00ebr\u00eb thirje kreut t\u00eb\u00a0SPAK.<\/p>\n","protected":false},"excerpt":{"rendered":"<p>Kreu i grupit parlamentar t\u00eb PD, Gazmend Bardhi denoncoi p\u00ebrmes dokumenteve t\u00eb prokuroris\u00eb dhe t\u00eb sistemit TIMS se Olsi Rama ka p\u00ebrdorur t\u00eb nj\u00ebjt\u00ebn makin\u00eb me an\u00ebtar\u00ebt e nj\u00eb grupi t\u00eb trafikut t\u00eb drog\u00ebs n\u00eb vitin 2014 dhe k\u00ebrkoi rihapjen e hetimeve. BIRN\u00a0 Kryetari i Grupit Parlamentar t\u00eb Partis\u00eb Demokratike,\u00a0Gazmend Bardhi\u00a0akuzoi t\u00eb enjten Olsi Ram\u00ebn, &hellip;<\/p>\n","protected":false},"author":4,"featured_media":74969,"comment_status":"closed","ping_status":"closed","sticky":false,"template":"","format":"standard","meta":{"footnotes":""},"categories":[37],"tags":[],"class_list":["post-74968","post","type-post","status-publish","format-standard","has-post-thumbnail","","category-politike"],"_links":{"self":[{"href":"https:\/\/rdnews.al\/index.php\/wp-json\/wp\/v2\/posts\/74968","targetHints":{"allow":["GET"]}}],"collection":[{"href":"https:\/\/rdnews.al\/index.php\/wp-json\/wp\/v2\/posts"}],"about":[{"href":"https:\/\/rdnews.al\/index.php\/wp-json\/wp\/v2\/types\/post"}],"author":[{"embeddable":true,"href":"https:\/\/rdnews.al\/index.php\/wp-json\/wp\/v2\/users\/4"}],"replies":[{"embeddable":true,"href":"https:\/\/rdnews.al\/index.php\/wp-json\/wp\/v2\/comments?post=74968"}],"version-history":[{"count":0,"href":"https:\/\/rdnews.al\/index.php\/wp-json\/wp\/v2\/posts\/74968\/revisions"}],"wp:featuredmedia":[{"embeddable":true,"href":"https:\/\/rdnews.al\/index.php\/wp-json\/wp\/v2\/media\/74969"}],"wp:attachment":[{"href":"https:\/\/rdnews.al\/index.php\/wp-json\/wp\/v2\/media?parent=74968"}],"wp:term":[{"taxonomy":"category","embeddable":true,"href":"https:\/\/rdnews.al\/index.php\/wp-json\/wp\/v2\/categories?post=74968"},{"taxonomy":"post_tag","embeddable":true,"href":"https:\/\/rdnews.al\/index.php\/wp-json\/wp\/v2\/tags?post=74968"}],"curies":[{"name":"wp","href":"https:\/\/api.w.org\/{rel}","templated":true}]}}