{"id":74992,"date":"2024-03-28T19:09:10","date_gmt":"2024-03-28T19:09:10","guid":{"rendered":"https:\/\/rdnews.al\/?p=74992"},"modified":"2024-03-28T19:09:10","modified_gmt":"2024-03-28T19:09:10","slug":"veliaj-ka-ditur-cdo-gje-per-tenderat-qe-fitonin-5-drejtoret-hajdute-ka-marre-per-vete-pjesen-e-luanit","status":"publish","type":"post","link":"https:\/\/rdnews.al\/index.php\/2024\/03\/28\/veliaj-ka-ditur-cdo-gje-per-tenderat-qe-fitonin-5-drejtoret-hajdute-ka-marre-per-vete-pjesen-e-luanit\/","title":{"rendered":"Veliaj ka ditur \u00e7do gj\u00eb p\u00ebr tenderat q\u00eb fitonin 5 drejtor\u00ebt hajdut\u00eb, ka marr\u00eb p\u00ebr vete pjes\u00ebn e luanit"},"content":{"rendered":"<p>Lideri i opozit\u00ebs, Sali Berisha, u shpreh se Erion Veliaj kishte dijeni p\u00ebr \u00e7do tender q\u00eb fitonin drejtor\u00ebt e tij hajdut\u00eb n\u00eb Bashkin\u00eb e Tiran\u00ebs. Berisha tha se Veliaj ka marr\u00eb pjes\u00ebn e luanit, pasi \u00ebsht\u00eb kryehajduti \u00a0i tyre, q\u00eb hyn e del n\u00eb zyr\u00eb, pa i hyr\u00eb gjemb n\u00eb k\u00ebmb\u00eb.<\/p>\n<p>\u201cPor edhe dy fjal\u00eb do them p\u00ebr k\u00ebta t\u00eb famshmit 5D, pes\u00eb drejtor\u00eb hajdut\u00eb.<\/p>\n<p>Secili prej tyre, do t\u00eb m\u00eb falni p\u00ebr shprehjen, por p\u00ebrfaq\u00ebson nj\u00eb maskara njeri, nj\u00eb hajdut t\u00eb shpifur, t\u00eb neveritsh\u00ebm.<\/p>\n<p>Por miqt\u00eb e mi, kryehajduti i tyre, hyn dhe del n\u00eb zyr\u00eb, pa i hyr\u00eb gjemba n\u00eb k\u00ebmb\u00eb.<\/p>\n<p>Dhe ai \u00ebsht\u00eb Erion Veliaj.<\/p>\n<p>Dhe ai \u00ebsht\u00eb Erion Veliaj, i cili ka ditur gjith\u00e7ka p\u00ebr aferat e tyre. Ka ditur \u00e7do gj\u00eb p\u00ebr tenderat q\u00eb fitonin.<\/p>\n<p>Ka marr\u00eb p\u00ebr vete pjes\u00ebn e luanit nga ato tendera.<\/p>\n<p>Dumanit kan\u00eb edhe aplikacionin e ve\u00e7ant\u00eb me t\u00eb cilin komunikonin vet\u00ebm me Velin\u00eb kjo band\u00eb e shpifur q\u00eb vidhnin parat\u00eb e qytetar\u00ebve t\u00eb Tiran\u00ebs n\u00eb em\u00ebr t\u00eb tij\u201d, tha Berisha.<\/p>\n","protected":false},"excerpt":{"rendered":"<p>Lideri i opozit\u00ebs, Sali Berisha, u shpreh se Erion Veliaj kishte dijeni p\u00ebr \u00e7do tender q\u00eb fitonin drejtor\u00ebt e tij hajdut\u00eb n\u00eb Bashkin\u00eb e Tiran\u00ebs. Berisha tha se Veliaj ka marr\u00eb pjes\u00ebn e luanit, pasi \u00ebsht\u00eb kryehajduti \u00a0i tyre, q\u00eb hyn e del n\u00eb zyr\u00eb, pa i hyr\u00eb gjemb n\u00eb k\u00ebmb\u00eb. \u201cPor edhe dy fjal\u00eb &hellip;<\/p>\n","protected":false},"author":4,"featured_media":72873,"comment_status":"closed","ping_status":"closed","sticky":false,"template":"","format":"standard","meta":{"footnotes":""},"categories":[37],"tags":[],"class_list":["post-74992","post","type-post","status-publish","format-standard","has-post-thumbnail","","category-politike"],"_links":{"self":[{"href":"https:\/\/rdnews.al\/index.php\/wp-json\/wp\/v2\/posts\/74992","targetHints":{"allow":["GET"]}}],"collection":[{"href":"https:\/\/rdnews.al\/index.php\/wp-json\/wp\/v2\/posts"}],"about":[{"href":"https:\/\/rdnews.al\/index.php\/wp-json\/wp\/v2\/types\/post"}],"author":[{"embeddable":true,"href":"https:\/\/rdnews.al\/index.php\/wp-json\/wp\/v2\/users\/4"}],"replies":[{"embeddable":true,"href":"https:\/\/rdnews.al\/index.php\/wp-json\/wp\/v2\/comments?post=74992"}],"version-history":[{"count":0,"href":"https:\/\/rdnews.al\/index.php\/wp-json\/wp\/v2\/posts\/74992\/revisions"}],"wp:featuredmedia":[{"embeddable":true,"href":"https:\/\/rdnews.al\/index.php\/wp-json\/wp\/v2\/media\/72873"}],"wp:attachment":[{"href":"https:\/\/rdnews.al\/index.php\/wp-json\/wp\/v2\/media?parent=74992"}],"wp:term":[{"taxonomy":"category","embeddable":true,"href":"https:\/\/rdnews.al\/index.php\/wp-json\/wp\/v2\/categories?post=74992"},{"taxonomy":"post_tag","embeddable":true,"href":"https:\/\/rdnews.al\/index.php\/wp-json\/wp\/v2\/tags?post=74992"}],"curies":[{"name":"wp","href":"https:\/\/api.w.org\/{rel}","templated":true}]}}