{"id":75069,"date":"2024-03-29T13:29:38","date_gmt":"2024-03-29T13:29:38","guid":{"rendered":"https:\/\/rdnews.al\/?p=75069"},"modified":"2024-03-29T13:29:38","modified_gmt":"2024-03-29T13:29:38","slug":"bardhi-dorezon-ne-spak-olsi-ramen","status":"publish","type":"post","link":"https:\/\/rdnews.al\/index.php\/2024\/03\/29\/bardhi-dorezon-ne-spak-olsi-ramen\/","title":{"rendered":"Bardhi dor\u00ebzon n\u00eb SPAK, Olsi Ram\u00ebn"},"content":{"rendered":"<p><strong>Gazment BARDHI<\/strong><\/p>\n<p>N\u00eb vijim t\u00eb t\u00eb dh\u00ebnave t\u00eb b\u00ebra publike dje, ku provohet dyshimi i arsyesh\u00ebm p\u00ebr p\u00ebrfshirjen e vllait t\u00eb Kryeministrit Olsi Rama, n\u00eb organizat\u00ebn kriminale t\u00eb Laboratorit t\u00eb Xibrak\u00ebs, sot kam p\u00ebrcjell zyrtarisht pran\u00eb SPAK k\u00ebrkes\u00ebn p\u00ebr nisjen e hetimeve penale ndaj tij.<\/p>\n<p>Jan\u00eb kaq shum\u00eb fakte, rrethana dhe indicie n\u00eb dosjen e hetuar keq nga prokuroria e koh\u00ebs, saq\u00eb drejt\u00ebsia ka p\u00ebr detyr\u00eb t\u00eb rihap\u00eb menj\u00ebher\u00eb dosjen e procedimit penal nr. 335\/1 t\u00eb vitit 2016, lidhur me bashk\u00ebpun\u00ebtorin e paidentifikuar, 45 vje\u00e7, q\u00eb p\u00ebrdorte automjetin me targa AA 653 DM. T\u00eb dh\u00ebnat e TIMS-it dhe ato q\u00eb gjendjen n\u00eb dosjen penale, jan\u00eb t\u00eb mjaftueshme p\u00ebr t\u00eb rihapur hetimin e kokain\u00ebs s\u00eb Xibrak\u00ebs, lidhjet e Olsi Ram\u00ebs me grupin kriminal dhe p\u00ebrfshirjen ose jo t\u00eb tij n\u00eb organizat\u00ebn e trafikut t\u00eb kokain\u00ebs.<\/p>\n<p>Nuk ka m\u00eb vend p\u00ebr vonesa, zvarritje apo fshehje p\u00ebr t\u00eb hetuar rolin e Olsi Ram\u00ebs n\u00eb organizat\u00ebn e trafikut t\u00eb drog\u00ebs s\u00eb Xibrak\u00ebs. Prandaj thirrja ime sot shkon edhe nj\u00ebher\u00eb p\u00ebr drejtuesin e SPAK z. Altin Dumani: Na provoni q\u00eb n\u00eb Shqip\u00ebri nuk ka persona t\u00eb papreksh\u00ebm, q\u00eb hetohet dhe vihet p\u00ebrpara p\u00ebrgjegjesis\u00eb cilido, qoft\u00eb ky edhe v\u00ebllai i Kryeministrit.<\/p>\n<p>Nga ana tjet\u00ebr, SPAK ka p\u00ebr detyr\u00eb t\u00eb hetoj\u00eb edhe rolin e dy prokuror\u00ebve t\u00eb asaj \u00e7\u00ebshtje z. Olsian \u00c7ela (promovuar me vot\u00eb t\u00eb mazhoranc\u00ebs socialiste si Prokuror i P\u00ebrgjithsh\u00ebm i Republik\u00ebs) dhe z. Edvin Kondili (mb\u00ebshtetur nga Edi Rama si kandidat p\u00ebr drejtimin e SPAK nj\u00eb vit m\u00eb par\u00eb dhe p\u00ebr t\u00eb cilin zhvilloj\u00eb nj\u00eb konflikt t\u00eb hapur kund\u00ebr Ambasadores s\u00eb SHBA-ve n\u00eb Tiran\u00eb), si dhe t\u00eb Policis\u00eb s\u00eb Shtetit, n\u00eb fshehjen apo prishjen e provave, mosp\u00ebrmbushjen e rregullt t\u00eb detyr\u00ebs, dhe moskryerjen e asnj\u00eb veprimi p\u00ebr t\u00eb hetuar deri n\u00eb fund procedimin e ve\u00e7uar 335\/1 \u2013 viti 2016. SPAK ka p\u00ebrgjegj\u00ebsin\u00eb p\u00ebrpara publikut t\u00eb jap nj\u00eb informacion t\u00eb plot\u00eb se kush e ka penguar hetimin e k\u00ebtij procedimi, pse \u00ebsht\u00eb l\u00ebn\u00eb n\u00eb heshtje apo harres\u00eb kjo dosje, dhe cili \u00ebsht\u00eb fati i k\u00ebtij procedimi deri dje?<\/p>\n<p>Derisa SPAK t\u00eb b\u00ebj\u00eb detyr\u00ebn e vet kushtetuese, pa ndikim dhe me profesionaliz\u00ebm, p\u00ebr Edi Ram\u00ebn vijon t\u00eb mbetet e nj\u00ebjta pyetje, edhe pse ai kishte zgjedhur dje t\u00eb fshihet pas shkrimit t\u00eb hartimeve n\u00eb emrin e v\u00ebllait Olsi Rama. Qytetar\u00ebt shqiptar\u00eb prej 24 or\u00ebve presin nj\u00eb p\u00ebrgjigje: \u201c\u00c7far\u00eb e lidhte Olsi Ram\u00ebn me kreun e narko-organizat\u00ebs dhe pse krer\u00ebt e organizat\u00ebs, bashk\u00eb me v\u00ebllain tuaj Olsi Ram\u00ebn p\u00ebrdorin t\u00eb nj\u00ebjtin automjet n\u00eb t\u00eb nj\u00ebjt\u00ebn periudh\u00eb t\u00eb planifikimit dhe ngritjes s\u00eb laboratorit t\u00eb kokain\u00ebs n\u00eb Xibrak\u00eb? \u00c7far\u00eb b\u00ebn i v\u00ebllai me t\u00eb nj\u00ebjt\u00ebn makin\u00eb, t\u00eb cil\u00ebn e p\u00ebrdor n\u00eb t\u00eb nj\u00ebjt\u00ebn koh\u00eb nj\u00eb organizat\u00eb kriminale e trafikut t\u00eb drog\u00ebs? Kush \u00ebsht\u00eb personi i paidentifikuar, i mosh\u00ebn 45 vje\u00e7, q\u00eb p\u00ebrdor makin\u00ebn me targa AA 653 DM\u201d.<\/p>\n","protected":false},"excerpt":{"rendered":"<p>Gazment BARDHI N\u00eb vijim t\u00eb t\u00eb dh\u00ebnave t\u00eb b\u00ebra publike dje, ku provohet dyshimi i arsyesh\u00ebm p\u00ebr p\u00ebrfshirjen e vllait t\u00eb Kryeministrit Olsi Rama, n\u00eb organizat\u00ebn kriminale t\u00eb Laboratorit t\u00eb Xibrak\u00ebs, sot kam p\u00ebrcjell zyrtarisht pran\u00eb SPAK k\u00ebrkes\u00ebn p\u00ebr nisjen e hetimeve penale ndaj tij. Jan\u00eb kaq shum\u00eb fakte, rrethana dhe indicie n\u00eb dosjen e &hellip;<\/p>\n","protected":false},"author":3,"featured_media":75070,"comment_status":"closed","ping_status":"closed","sticky":false,"template":"","format":"standard","meta":{"footnotes":""},"categories":[37],"tags":[],"class_list":["post-75069","post","type-post","status-publish","format-standard","has-post-thumbnail","","category-politike"],"_links":{"self":[{"href":"https:\/\/rdnews.al\/index.php\/wp-json\/wp\/v2\/posts\/75069","targetHints":{"allow":["GET"]}}],"collection":[{"href":"https:\/\/rdnews.al\/index.php\/wp-json\/wp\/v2\/posts"}],"about":[{"href":"https:\/\/rdnews.al\/index.php\/wp-json\/wp\/v2\/types\/post"}],"author":[{"embeddable":true,"href":"https:\/\/rdnews.al\/index.php\/wp-json\/wp\/v2\/users\/3"}],"replies":[{"embeddable":true,"href":"https:\/\/rdnews.al\/index.php\/wp-json\/wp\/v2\/comments?post=75069"}],"version-history":[{"count":0,"href":"https:\/\/rdnews.al\/index.php\/wp-json\/wp\/v2\/posts\/75069\/revisions"}],"wp:featuredmedia":[{"embeddable":true,"href":"https:\/\/rdnews.al\/index.php\/wp-json\/wp\/v2\/media\/75070"}],"wp:attachment":[{"href":"https:\/\/rdnews.al\/index.php\/wp-json\/wp\/v2\/media?parent=75069"}],"wp:term":[{"taxonomy":"category","embeddable":true,"href":"https:\/\/rdnews.al\/index.php\/wp-json\/wp\/v2\/categories?post=75069"},{"taxonomy":"post_tag","embeddable":true,"href":"https:\/\/rdnews.al\/index.php\/wp-json\/wp\/v2\/tags?post=75069"}],"curies":[{"name":"wp","href":"https:\/\/api.w.org\/{rel}","templated":true}]}}