{"id":75146,"date":"2024-03-30T17:42:13","date_gmt":"2024-03-30T17:42:13","guid":{"rendered":"https:\/\/rdnews.al\/?p=75146"},"modified":"2024-03-30T17:44:12","modified_gmt":"2024-03-30T17:44:12","slug":"si-erion-veliaj-me-hajdutet-e-tij-5d-genjyen-sy-per-sy-shqiptaret-per-vjedhjen-e-tiranes-pas-kallezimit-penal","status":"publish","type":"post","link":"https:\/\/rdnews.al\/index.php\/2024\/03\/30\/si-erion-veliaj-me-hajdutet-e-tij-5d-genjyen-sy-per-sy-shqiptaret-per-vjedhjen-e-tiranes-pas-kallezimit-penal\/","title":{"rendered":"Si Veliaj me hajdut\u00ebt e tij 5D g\u00ebnjyen sy p\u00ebr sy shqiptar\u00ebt p\u00ebr vjedhjen e Tiran\u00ebs pas kall\u00ebzimit penal"},"content":{"rendered":"<p><strong>DEKLARAT\u00cb P\u00cbR MEDIA AN\u00cbTARI I KRYESIS\u00cb N\u00cb PD, BELIND K\u00cbLLI\u00c7I<\/strong><\/p>\n<p>T\u00eb nderuar qytetar\u00eb,<\/p>\n<p>M\u00eb dat\u00eb 26 Prill 2023, n\u00eb cil\u00ebsin\u00eb e kandidatit p\u00ebr Bashkin\u00eb Tiran\u00eb, kam b\u00ebr\u00eb publike skem\u00ebn e plot\u00eb t\u00eb korrupsionit galopant n\u00eb Bashkin\u00eb Tiran\u00eb p\u00ebrmes kompanis\u00eb 5D Konstruksion.<\/p>\n<p>Vet\u00ebm nj\u00eb dit\u00eb m\u00eb pas, m\u00eb dat\u00eb 27 Prill, Prokurori Klodian Braho regjistroi kall\u00ebzimin penal kryesisht p\u00ebr 5 drejtor\u00ebt hajdut\u00eb t\u00eb Erion Veliajt.<\/p>\n<p>Po at\u00eb mbr\u00ebmje, t\u00eb dat\u00ebs 27 prill 2023, Erion Veliaj s\u00ebbashku me hajdut\u00ebt e tij n\u00eb bashki, doli n\u00eb emisionin Opinion p\u00ebr t\u00eb shpalosur programin 4 vje\u00e7ar t\u00eb vjedhjes s\u00eb Tiran\u00ebs 2023 -2027.<\/p>\n<p>Ju ftoj t\u00eb ndjekim nj\u00eb video t\u00eb shkurt\u00ebr se si i p\u00ebrgjigjet pronari faktik i Inceneratorit t\u00eb Tiran\u00ebs, pyetjes s\u00eb z. Fevziu n\u00eb lidhje me k\u00ebt\u00eb denoncim timin:<\/p>\n<p>Sqarojm\u00eb opinionin publik dhe qytetar\u00ebt e Tiran\u00ebs se p\u00ebr k\u00ebt\u00eb denoncim, Mariglen Qato m\u00eb b\u00ebri padi p\u00ebr shpifje n\u00eb Gjykat\u00ebn Penale Tiran\u00eb dhe nuk u paraqit kurr\u00eb n\u00eb seanc\u00eb, p\u00ebr shkak se padia i duhej vet\u00ebm Erionit p\u00ebr g\u00ebnjeshtr\u00ebn e rradh\u00ebs n\u00eb fushat\u00eb.<\/p>\n<p>Erioni, ky idhtar i madh i drejt\u00ebsis\u00eb s\u00eb re, q\u00eb jep leksione se drejt\u00ebsia nuk b\u00ebhet m\u00eb n\u00ebp\u00ebr studio televizive por nga organet kompetente, b\u00ebn mir\u00eb t\u00eb qet\u00ebsohet e t\u00eb mos e harxhoj\u00eb m\u00eb pen\u00ebn duke u shkruajtur drejtor\u00ebve t\u00eb tij hajdut\u00eb deklaratat e mbrojtjes, fill pasi i futi n\u00eb burg p\u00ebr t\u00eb shp\u00ebtuar l\u00ebkur\u00ebn e tij.<\/p>\n<p>Deklaratat patetike se drejt\u00ebsia e re e hartuar nga vet\u00eb Erioni dhe Rilindja e Edi Ram\u00ebs, na q\u00ebnk\u00ebrka shantazhuar nga un\u00eb, jan\u00eb sa qesharake po aq dhe pa vler\u00eb. Erion Veliaj b\u00ebn mir\u00eb t\u00eb hesht\u00eb dhe t\u00eb pres\u00eb arrestimin e plot\u00eb t\u00eb shtabit elektoral t\u00eb zgjedhjeve t\u00eb 14 Majit, e n\u00eb fund b\u00ebn mir\u00eb q\u00eb t\u00eb pres\u00eb me buz\u00ebqeshje deklarat\u00ebn q\u00eb vet\u00eb Edi Rama, shum\u00eb shpejt\u00eb do t\u00eb shkruaj\u00eb p\u00ebr t\u00eb.<\/p>\n<p>Sa i p\u00ebrket hetimeve t\u00eb SPAK-ut, arrestimet e 5 drejtor\u00ebve t\u00eb deritanish\u00ebm nuk jan\u00eb drejt\u00ebsi e plot\u00eb, n\u00ebse nuk do t\u00eb ndiqen parat\u00eb, n\u00ebse nuk sekuestrohen asetet e k\u00ebtyre individ\u00ebve dhe kompanive t\u00eb lidhura me ta, duke i kthyer p\u00ebrfundimisht t\u00eb gjitha parat\u00eb e vjedhura prej tyre n\u00eb buxhetin e shtetit, n\u00eb t\u00eb mir\u00eb t\u00eb taksapaguesve shqiptar\u00eb.<\/p>\n<p>Partia Demokratike dhe un\u00eb personalisht, do t\u00eb ndjekim zyrtarisht dhe n\u00eb m\u00ebnyr\u00eb ligjore hetimet jo vet\u00ebm p\u00ebr t\u00eb arrestuarit e deritanish\u00ebm, por dhe p\u00ebr pjes\u00ebn tjet\u00ebr t\u00eb band\u00ebs n\u00eb Bashkin\u00eb e Tiran\u00ebs si: Herion Rrapaj (i cili me bitumin e fabrik\u00ebs s\u00eb Bashkis\u00eb, shtroi asfaltin elektoral nd\u00ebkoh\u00eb q\u00eb fiktivisht b\u00ebnin pro\u00e7edura tenderuese me kompani private), Arben Maloku (i cili ka ngritur nj\u00eb skem\u00eb identike si 5D dhe ka nd\u00ebrtuar 3 kate pa leje n\u00eb mes t\u00eb Tiran\u00ebs), Ermal Kapllanaj (i cili u vu n\u00eb sh\u00ebrbim t\u00eb Inceneratorit t\u00eb Tiran\u00ebs duke shantazhuar t\u00eb gjith\u00eb biznesin e nd\u00ebrtimit), Alban Dokushin (personi p\u00ebrgjegj\u00ebs p\u00ebr tjet\u00ebrsimin e pronave publike, por mbi t\u00eb gjitha Drejtori t\u00eb cilit i kishte humbur pron\u00ebsia e landfillit t\u00eb Sharr\u00ebs), Elton Kacidhja (drejtori i UKT q\u00eb i cili i dha tenderin e mat\u00ebsave t\u00eb ujit Klodian Zotos) dhe Elvin Tivarin (p\u00ebr t\u00eb cilin Mirela Kumbaro firmosi statusin special p\u00ebr nd\u00ebrtimin e hotelit 15 milion\u00eb euro n\u00eb Durr\u00ebs).<\/p>\n<p>T\u00eb nderuar qytetar\u00eb,<\/p>\n<p>Vet\u00ebm nj\u00eb Qeveri Teknike dhe zgjedhje t\u00eb lira e t\u00eb ndershme, jan\u00eb e vetmja zgjidhje p\u00ebr ta \u00e7liruar vendin nga kjo band\u00eb e korruptuar n\u00eb bashki e n\u00eb \u00e7do qeliz\u00eb t\u00eb qeveris\u00eb.<\/p>\n<p>O sot, o kurr\u00eb.<\/p>\n<p>Ju faleminderit.<\/p>\n","protected":false},"excerpt":{"rendered":"<p>DEKLARAT\u00cb P\u00cbR MEDIA AN\u00cbTARI I KRYESIS\u00cb N\u00cb PD, BELIND K\u00cbLLI\u00c7I T\u00eb nderuar qytetar\u00eb, M\u00eb dat\u00eb 26 Prill 2023, n\u00eb cil\u00ebsin\u00eb e kandidatit p\u00ebr Bashkin\u00eb Tiran\u00eb, kam b\u00ebr\u00eb publike skem\u00ebn e plot\u00eb t\u00eb korrupsionit galopant n\u00eb Bashkin\u00eb Tiran\u00eb p\u00ebrmes kompanis\u00eb 5D Konstruksion. Vet\u00ebm nj\u00eb dit\u00eb m\u00eb pas, m\u00eb dat\u00eb 27 Prill, Prokurori Klodian Braho regjistroi kall\u00ebzimin &hellip;<\/p>\n","protected":false},"author":4,"featured_media":75147,"comment_status":"closed","ping_status":"closed","sticky":false,"template":"","format":"standard","meta":{"footnotes":""},"categories":[37],"tags":[],"class_list":["post-75146","post","type-post","status-publish","format-standard","has-post-thumbnail","","category-politike"],"_links":{"self":[{"href":"https:\/\/rdnews.al\/index.php\/wp-json\/wp\/v2\/posts\/75146","targetHints":{"allow":["GET"]}}],"collection":[{"href":"https:\/\/rdnews.al\/index.php\/wp-json\/wp\/v2\/posts"}],"about":[{"href":"https:\/\/rdnews.al\/index.php\/wp-json\/wp\/v2\/types\/post"}],"author":[{"embeddable":true,"href":"https:\/\/rdnews.al\/index.php\/wp-json\/wp\/v2\/users\/4"}],"replies":[{"embeddable":true,"href":"https:\/\/rdnews.al\/index.php\/wp-json\/wp\/v2\/comments?post=75146"}],"version-history":[{"count":0,"href":"https:\/\/rdnews.al\/index.php\/wp-json\/wp\/v2\/posts\/75146\/revisions"}],"wp:featuredmedia":[{"embeddable":true,"href":"https:\/\/rdnews.al\/index.php\/wp-json\/wp\/v2\/media\/75147"}],"wp:attachment":[{"href":"https:\/\/rdnews.al\/index.php\/wp-json\/wp\/v2\/media?parent=75146"}],"wp:term":[{"taxonomy":"category","embeddable":true,"href":"https:\/\/rdnews.al\/index.php\/wp-json\/wp\/v2\/categories?post=75146"},{"taxonomy":"post_tag","embeddable":true,"href":"https:\/\/rdnews.al\/index.php\/wp-json\/wp\/v2\/tags?post=75146"}],"curies":[{"name":"wp","href":"https:\/\/api.w.org\/{rel}","templated":true}]}}