{"id":75257,"date":"2024-04-01T16:15:57","date_gmt":"2024-04-01T16:15:57","guid":{"rendered":"https:\/\/rdnews.al\/?p=75257"},"modified":"2024-04-01T16:16:17","modified_gmt":"2024-04-01T16:16:17","slug":"edi-rama-gezuar-1-prillin-festen-tende-te-preferuar-10-genjeshtrat-me-te-trasha-te-kryeministrit","status":"publish","type":"post","link":"https:\/\/rdnews.al\/index.php\/2024\/04\/01\/edi-rama-gezuar-1-prillin-festen-tende-te-preferuar-10-genjeshtrat-me-te-trasha-te-kryeministrit\/","title":{"rendered":"Edi Rama g\u00ebzuar 1 prillin, fest\u00ebn t\u00ebnde t\u00eb preferuar! 10 g\u00ebnjeshtrat m\u00eb t\u00eb trasha t\u00eb kryeministrit"},"content":{"rendered":"<p><strong>DEKLARATE E ANETARIT TE KESHILLIT KOMBETAR T\u00cb PD-s\u00eb, AKIL KRAJA:<\/strong><\/p>\n<p>Sot \u00ebsht\u00eb 1 prilli dhe duam t\u2019i urojm\u00eb kryeministrit Rama G\u00ebzuar fest\u00ebn e tij t\u00eb preferuar, Dit\u00ebn e Rrenave. \u00cbsht\u00eb e vetmja q\u00eb nuk ka shpallur ende fest\u00eb zyrtare, por asnj\u00eb dit\u00eb tjet\u00ebr nuk e shenjon at\u00eb dhe qeverisjen e tij t\u00eb Rilindjes m\u00eb fort dhe qart\u00eb se 1 prilli.<\/p>\n<p>N\u00eb 11 vjet n\u00eb pushtet, Edi Rama nuk ka mbajtur thuajse asnj\u00eb prej premtimeve t\u00eb tij t\u00eb bujshme dhe spekulative t\u00eb vitit 2013. Partia Demokratike\u00a0 e konsideron Edi Ram\u00ebn g\u00ebnjeshtar patologjik dhe kjo del e qart\u00eb nga vet\u00ebm nj\u00eb pjes\u00eb e list\u00ebs s\u00eb premtimeve t\u00eb tij t\u00eb pambajtura, q\u00eb ne i konsiderojm\u00eb m\u00eb kryesoret:<\/p>\n<p>M\u00eb posht\u00eb \u00ebsht\u00eb hit parade me 10 g\u00ebnjeshtrat m\u00eb t\u00eb trasha t\u00eb Kryeministrit.<\/p>\n<p>-25 Maj 2013: 300 mij\u00eb vende pun\u00eb<\/p>\n<p>-27 Maj 2013: Sh\u00ebndet\u00ebsi falas brenda 4 viteve t\u00eb para t\u00eb qeverisjes son\u00eb.<\/p>\n<p>-29 Maj 2013: Heqja e TVSH-s\u00eb p\u00ebr ushqimet baz\u00eb<\/p>\n<p>-25 Maj 2013: Ulja e \u00e7mimit t\u00eb energjis\u00eb elektrike.<\/p>\n<p>-13 Qershor 2013: Uljen e Borxhit publik<\/p>\n<p>-13 Qershor 2013: Buxheti p\u00ebr arsimin do rritet n\u00eb 5% t\u00eb Prodhimit t\u00eb Brendsh\u00ebm Bruto<\/p>\n<p>-25 Qershor 2013: Legalizime falas + Ujin n\u00eb \u00e7do parcel\u00eb e sht\u00ebpi<\/p>\n<p>-25 Maj 2013: Uljen e taksave p\u00ebr 95% t\u00eb qytetar\u00ebve<\/p>\n<p>-15 Qershor 2017: Subvencione p\u00ebr bujq\u00ebsin\u00eb.\u00a0 Heqja e taks\u00ebs s\u00eb naft\u00ebs.<\/p>\n<p>-27 Maj 2013: Kthimi i emigrant\u00ebve n\u00eb vend<\/p>\n<p>Si\u00e7 e vut\u00eb re nuk komentuam asnj\u00eb prej premtimeve t\u00eb pambajtura, sepse nuk kan\u00eb nevoj\u00eb p\u00ebr koment. Shqiptar\u00ebt e din\u00eb vet\u00eb a u jan\u00eb rritur taksat, a \u00ebsht\u00eb ulur \u00e7mimi i dritave, a paguajn\u00eb m\u00eb pak p\u00ebr ushqimet, e me radh\u00eb.<\/p>\n<p>N\u00eb vitin 2013 Rama deklaronte: \u201cNe do t\u00eb nd\u00ebrtojm\u00eb mir\u00ebqenie dhe do t\u00eb krijojm\u00eb kushtet q\u00eb dhe bijt\u00eb tuaj t\u00eb kthehen nga andej nga jan\u00eb. Mos rropaten m\u00eb n\u00eb tokat e fqinj\u00ebve, po t\u00eb vijn\u00eb dhe t\u00eb nd\u00ebrtojn\u00eb t\u00eb ardhmen dhe pasurin\u00eb e tyre k\u00ebtu n\u00eb tokat e st\u00ebrgjysh\u00ebrve t\u00eb tyre\u201d.<\/p>\n<p>Kjo ka nevoj\u00eb p\u00ebr koment, sepse Partia Demokratike e ka shpopullimin e vendit nj\u00eb prej shqet\u00ebsimeve kryesore t\u00eb q\u00ebndrimeve dhe politikave t\u00eb saj. Ky, jo vet\u00ebm \u00ebsht\u00eb premtim i pambajtur, por Edi Rama e ka degjeneruar emigrimin minimal t\u00eb shqiptareve, madje kthimin e tyre n\u00eb atdhe gjat\u00eb 8 viteve t\u00eb Partis\u00eb Demokratike n\u00eb qeverisje, n\u00eb nj\u00eb eksod biblik i hasur vet\u00ebm n\u00eb periudh\u00ebn 90-92.<\/p>\n<p>Edi Rama e ktheu shpopullimin n\u00eb projekt politik, me iden\u00eb se kund\u00ebrshtar\u00ebt m\u00eb t\u00eb mir\u00eb jan\u00eb ata q\u00eb largohen dhe nuk t\u00eb votojn\u00eb kundra.<\/p>\n<p>Ky \u00ebsht\u00eb realiteti fatkeq i vendit 11 vite pas ardhjes s\u00eb k\u00ebsaj t\u00eb keqeje n\u00eb pushtet.<\/p>\n<p>Shqip\u00ebria duhet kthyer n\u00eb normalitet.<\/p>\n<p>Shqip\u00ebria duhet t\u00eb largoj\u00eb at\u00eb q\u00eb po d\u00ebbon shqiptar\u00ebt.<\/p>\n<p>O sot, o kurr\u00eb!<\/p>\n","protected":false},"excerpt":{"rendered":"<p>DEKLARATE E ANETARIT TE KESHILLIT KOMBETAR T\u00cb PD-s\u00eb, AKIL KRAJA: Sot \u00ebsht\u00eb 1 prilli dhe duam t\u2019i urojm\u00eb kryeministrit Rama G\u00ebzuar fest\u00ebn e tij t\u00eb preferuar, Dit\u00ebn e Rrenave. \u00cbsht\u00eb e vetmja q\u00eb nuk ka shpallur ende fest\u00eb zyrtare, por asnj\u00eb dit\u00eb tjet\u00ebr nuk e shenjon at\u00eb dhe qeverisjen e tij t\u00eb Rilindjes m\u00eb fort &hellip;<\/p>\n","protected":false},"author":4,"featured_media":75258,"comment_status":"closed","ping_status":"closed","sticky":false,"template":"","format":"standard","meta":{"footnotes":""},"categories":[37],"tags":[],"class_list":["post-75257","post","type-post","status-publish","format-standard","has-post-thumbnail","","category-politike"],"_links":{"self":[{"href":"https:\/\/rdnews.al\/index.php\/wp-json\/wp\/v2\/posts\/75257","targetHints":{"allow":["GET"]}}],"collection":[{"href":"https:\/\/rdnews.al\/index.php\/wp-json\/wp\/v2\/posts"}],"about":[{"href":"https:\/\/rdnews.al\/index.php\/wp-json\/wp\/v2\/types\/post"}],"author":[{"embeddable":true,"href":"https:\/\/rdnews.al\/index.php\/wp-json\/wp\/v2\/users\/4"}],"replies":[{"embeddable":true,"href":"https:\/\/rdnews.al\/index.php\/wp-json\/wp\/v2\/comments?post=75257"}],"version-history":[{"count":0,"href":"https:\/\/rdnews.al\/index.php\/wp-json\/wp\/v2\/posts\/75257\/revisions"}],"wp:featuredmedia":[{"embeddable":true,"href":"https:\/\/rdnews.al\/index.php\/wp-json\/wp\/v2\/media\/75258"}],"wp:attachment":[{"href":"https:\/\/rdnews.al\/index.php\/wp-json\/wp\/v2\/media?parent=75257"}],"wp:term":[{"taxonomy":"category","embeddable":true,"href":"https:\/\/rdnews.al\/index.php\/wp-json\/wp\/v2\/categories?post=75257"},{"taxonomy":"post_tag","embeddable":true,"href":"https:\/\/rdnews.al\/index.php\/wp-json\/wp\/v2\/tags?post=75257"}],"curies":[{"name":"wp","href":"https:\/\/api.w.org\/{rel}","templated":true}]}}