{"id":75931,"date":"2024-04-08T16:47:13","date_gmt":"2024-04-08T16:47:13","guid":{"rendered":"https:\/\/rdnews.al\/?p=75931"},"modified":"2024-04-08T16:47:13","modified_gmt":"2024-04-08T16:47:13","slug":"boci-ps-do-qe-te-deshtoje-edhe-komisionin-hetimor-per-sistemin-tims","status":"publish","type":"post","link":"https:\/\/rdnews.al\/index.php\/2024\/04\/08\/boci-ps-do-qe-te-deshtoje-edhe-komisionin-hetimor-per-sistemin-tims\/","title":{"rendered":"Bo\u00e7i: PS do q\u00eb t\u00eb d\u00ebshtoj\u00eb edhe Komisionin Hetimor p\u00ebr sistemin TIMS"},"content":{"rendered":"<p>N\u00ebnkryetari i PD, Lu\u00e7iano Bo\u00e7i ka komentuar ngritjen e Komisioneve Hetimore. Bo\u00e7i theksoi se, maxhoranca d\u00ebshiron d\u00ebshtimin e Komisioneve Hetimore. Sipas tij, PS do q\u00eb t\u00eb d\u00ebshtoj\u00eb edhe Komisionin Hetimor p\u00ebr sistemin TIMS, pasi nuk ka vullnet p\u00ebr zbardhjen e \u00e7\u00ebshtjes.<\/p>\n<p>\u201cMaxhoranca d\u00ebshiron q\u00eb t\u00eb d\u00ebshtojn\u00eb Komisionet Hetimore, q\u00eb t\u00eb mos shkohet deri n\u00eb nxjerrin e fakteve, q\u00eb nuk d\u00ebshirohen nga qeverisja. Hetimet do nxjerrin n\u00eb pah nd\u00ebrhyrjet q\u00eb jan\u00eb b\u00ebr\u00eb n\u00eb sistemin TIMS. PS k\u00ebrkon q\u00eb t\u00eb zgjas\u00eb sa m\u00eb shum\u00eb Komisionin. Partia Socialiste iu ka b\u00ebr\u00eb presion edhe ekspert\u00ebve. Nuk ka vullnet p\u00ebr zbardhjen e \u00e7\u00ebshtjes. Di t\u00eb them se nuk v\u00eb re vullnet p\u00ebr t\u2019i shkuar deri n\u00eb fund pun\u00ebn e Komisioneve. Korrupsioni ul\u00ebret, aferat ul\u00ebrasin, nd\u00ebrhyrjet q\u00eb jan\u00eb b\u00ebr\u00eb n\u00eb TIMS patjet\u00ebr q\u00eb k\u00ebrkojn\u00eb hetime t\u00eb holl\u00ebsishme. Kemi sistem t\u00eb t\u00ebr\u00eb t\u00eb ngritur me mentalitet grabit\u00ebs, q\u00eb jan\u00eb komanduar nga Rama dhe Veliaj. Por, SPAK nuk guxon t\u2019ja p\u00ebrmend\u00eb emrin Ram\u00ebs dhe Veliajt\u201d, tha Bo\u00e7i per News24.<\/p>\n<p>M\u00eb tej, Bo\u00e7i foli edhe p\u00ebr mandatin e Olta Xha\u00e7k\u00ebs, q\u00eb u diskutua n\u00eb K\u00ebshillin e Mandateve. P\u00ebr Bo\u00e7in, mandati i Xha\u00e7k\u00ebs duhet t\u00eb hiqet.<\/p>\n<p>\u201cMandati i Xha\u00e7k\u00ebs duhet t\u00eb hiqet. Ka nj\u00eb vit q\u00eb ka nj\u00eb vendim p\u00ebr mandatin e saj. \u00c7\u00ebshtja e mandatit t\u00eb Xha\u00e7k\u00ebs po flitet 1 vit me vones\u00eb. Debatet n\u00eb Komisione b\u00ebhen me q\u00ebllim q\u00eb t\u00eb fitohet koh\u00eb. Duhet t\u2019i hapet rruga ligjore mandatit t\u00eb Xha\u00e7k\u00ebs. Xha\u00e7ka po mbrohet politikisht\u201d, u shpreh Bo\u00e7i.<\/p>\n","protected":false},"excerpt":{"rendered":"<p>N\u00ebnkryetari i PD, Lu\u00e7iano Bo\u00e7i ka komentuar ngritjen e Komisioneve Hetimore. Bo\u00e7i theksoi se, maxhoranca d\u00ebshiron d\u00ebshtimin e Komisioneve Hetimore. Sipas tij, PS do q\u00eb t\u00eb d\u00ebshtoj\u00eb edhe Komisionin Hetimor p\u00ebr sistemin TIMS, pasi nuk ka vullnet p\u00ebr zbardhjen e \u00e7\u00ebshtjes. \u201cMaxhoranca d\u00ebshiron q\u00eb t\u00eb d\u00ebshtojn\u00eb Komisionet Hetimore, q\u00eb t\u00eb mos shkohet deri n\u00eb nxjerrin &hellip;<\/p>\n","protected":false},"author":4,"featured_media":0,"comment_status":"closed","ping_status":"closed","sticky":false,"template":"","format":"standard","meta":{"footnotes":""},"categories":[37],"tags":[],"class_list":["post-75931","post","type-post","status-publish","format-standard","","category-politike"],"_links":{"self":[{"href":"https:\/\/rdnews.al\/index.php\/wp-json\/wp\/v2\/posts\/75931","targetHints":{"allow":["GET"]}}],"collection":[{"href":"https:\/\/rdnews.al\/index.php\/wp-json\/wp\/v2\/posts"}],"about":[{"href":"https:\/\/rdnews.al\/index.php\/wp-json\/wp\/v2\/types\/post"}],"author":[{"embeddable":true,"href":"https:\/\/rdnews.al\/index.php\/wp-json\/wp\/v2\/users\/4"}],"replies":[{"embeddable":true,"href":"https:\/\/rdnews.al\/index.php\/wp-json\/wp\/v2\/comments?post=75931"}],"version-history":[{"count":0,"href":"https:\/\/rdnews.al\/index.php\/wp-json\/wp\/v2\/posts\/75931\/revisions"}],"wp:attachment":[{"href":"https:\/\/rdnews.al\/index.php\/wp-json\/wp\/v2\/media?parent=75931"}],"wp:term":[{"taxonomy":"category","embeddable":true,"href":"https:\/\/rdnews.al\/index.php\/wp-json\/wp\/v2\/categories?post=75931"},{"taxonomy":"post_tag","embeddable":true,"href":"https:\/\/rdnews.al\/index.php\/wp-json\/wp\/v2\/tags?post=75931"}],"curies":[{"name":"wp","href":"https:\/\/api.w.org\/{rel}","templated":true}]}}