{"id":76230,"date":"2024-04-11T11:09:24","date_gmt":"2024-04-11T11:09:24","guid":{"rendered":"https:\/\/rdnews.al\/?p=76230"},"modified":"2024-04-11T11:09:24","modified_gmt":"2024-04-11T11:09:24","slug":"kryebashkiaku-i-tropojes-pas-daljes-nga-spak-u-thirra-per-nje-hetim-jo-per","status":"publish","type":"post","link":"https:\/\/rdnews.al\/index.php\/2024\/04\/11\/kryebashkiaku-i-tropojes-pas-daljes-nga-spak-u-thirra-per-nje-hetim-jo-per\/","title":{"rendered":"Kryebashkiaku i Tropoj\u00ebs pas daljes nga SPAK: U thirra p\u00ebr nj\u00eb hetim, jo p\u00ebr\u2026"},"content":{"rendered":"<p>Kryebashkiaku i Tropoj\u00ebs, Rexh\u00eb Byberi \u00ebsht\u00eb paraqitur m\u00ebngjesin e s\u00eb enjtes n\u00eb SPAK.<\/p>\n<p>I pyetur nga mediat pas daljes nga SPAK n\u00ebse ishte thirrur lidhur me \u00e7\u00ebshtjen McGonigal, Rexh Byberi tha:\u00a0Mcgonigal e kam pritur si mik, por s\u2019u pyeta p\u00ebr at\u00eb, isha p\u00ebr nj\u00eb tjet\u00ebr \u00e7\u00ebshtje.<\/p>\n<p>I pyetur lidhur me tender\u00ebt n\u00ebse i ka dh\u00ebn\u00eb t\u00eb af\u00ebrmve t\u00eb tij, Byberi u p\u00ebrgjigj:\u00a0S\u2019i kam dh\u00ebn\u00eb kujt, aty jan\u00eb dokumentet.<\/p>\n<p>Byberi \u00ebsht\u00eb zgjedhur n\u00eb krye t\u00eb bashkis\u00eb s\u00eb Tropoj\u00ebs n\u00ebn sigl\u00ebn e Partis\u00eb Socialiste.<\/p>\n","protected":false},"excerpt":{"rendered":"<p>Kryebashkiaku i Tropoj\u00ebs, Rexh\u00eb Byberi \u00ebsht\u00eb paraqitur m\u00ebngjesin e s\u00eb enjtes n\u00eb SPAK. I pyetur nga mediat pas daljes nga SPAK n\u00ebse ishte thirrur lidhur me \u00e7\u00ebshtjen McGonigal, Rexh Byberi tha:\u00a0Mcgonigal e kam pritur si mik, por s\u2019u pyeta p\u00ebr at\u00eb, isha p\u00ebr nj\u00eb tjet\u00ebr \u00e7\u00ebshtje. I pyetur lidhur me tender\u00ebt n\u00ebse i ka dh\u00ebn\u00eb &hellip;<\/p>\n","protected":false},"author":4,"featured_media":76231,"comment_status":"closed","ping_status":"closed","sticky":false,"template":"","format":"standard","meta":{"footnotes":""},"categories":[37],"tags":[],"class_list":["post-76230","post","type-post","status-publish","format-standard","has-post-thumbnail","","category-politike"],"_links":{"self":[{"href":"https:\/\/rdnews.al\/index.php\/wp-json\/wp\/v2\/posts\/76230","targetHints":{"allow":["GET"]}}],"collection":[{"href":"https:\/\/rdnews.al\/index.php\/wp-json\/wp\/v2\/posts"}],"about":[{"href":"https:\/\/rdnews.al\/index.php\/wp-json\/wp\/v2\/types\/post"}],"author":[{"embeddable":true,"href":"https:\/\/rdnews.al\/index.php\/wp-json\/wp\/v2\/users\/4"}],"replies":[{"embeddable":true,"href":"https:\/\/rdnews.al\/index.php\/wp-json\/wp\/v2\/comments?post=76230"}],"version-history":[{"count":0,"href":"https:\/\/rdnews.al\/index.php\/wp-json\/wp\/v2\/posts\/76230\/revisions"}],"wp:featuredmedia":[{"embeddable":true,"href":"https:\/\/rdnews.al\/index.php\/wp-json\/wp\/v2\/media\/76231"}],"wp:attachment":[{"href":"https:\/\/rdnews.al\/index.php\/wp-json\/wp\/v2\/media?parent=76230"}],"wp:term":[{"taxonomy":"category","embeddable":true,"href":"https:\/\/rdnews.al\/index.php\/wp-json\/wp\/v2\/categories?post=76230"},{"taxonomy":"post_tag","embeddable":true,"href":"https:\/\/rdnews.al\/index.php\/wp-json\/wp\/v2\/tags?post=76230"}],"curies":[{"name":"wp","href":"https:\/\/api.w.org\/{rel}","templated":true}]}}