{"id":7638,"date":"2022-03-22T17:23:02","date_gmt":"2022-03-22T17:23:02","guid":{"rendered":"https:\/\/rdnews.al\/?p=7638"},"modified":"2022-03-22T17:23:02","modified_gmt":"2022-03-22T17:23:02","slug":"22-marsi-dita-e-shenjte-e-demokracise","status":"publish","type":"post","link":"https:\/\/rdnews.al\/index.php\/2022\/03\/22\/22-marsi-dita-e-shenjte-e-demokracise\/","title":{"rendered":"22 marsi, dita e shenjt\u00eb e demokracis\u00eb!"},"content":{"rendered":"<p><strong>Nga Rezenbrik SERJANI<\/strong><\/p>\n<p>22 marsi p\u00ebr t\u00eb gjith\u00eb demokrat\u00ebt, p\u00ebr t\u00eb gjith\u00eb shqiptar\u00ebt mbetet nj\u00eb nd\u00ebr momentet m\u00eb t\u00eb m\u00ebdha historike t\u00eb Shqip\u00ebris\u00eb.<\/p>\n<p>22 marsi,<\/p>\n<p>\u00cbsht\u00ebdita simbol i fillimit t\u00eb nj\u00eb kapitulli t\u00eb ndritur t\u00eb faqes son\u00eb historike.<\/p>\n<p>\u00cbsht\u00eb dita-simbol e fillimit t\u00eb funksionimit t\u00eb demokracis\u00eb.<\/p>\n<p>\u00cbsht\u00eb dita-simbol e daljes nj\u00ebher e p\u00ebrgjithmon\u00eb nga err\u00ebsira.<\/p>\n<p>\u00cbsht\u00eb dita-simbol e fillimit t\u00eb nj\u00eb gjenerate t\u00eb re politike, ekonomike, shoq\u00ebrore, sociale e kulturore.<\/p>\n<p>\u00cbsht\u00eb dita m\u00eb e bukur e demokracis\u00eb.<\/p>\n<p>Krahas 8 dhjetorit, 11 dhjetorit, 20 shkurtit, 22 marsi mbetet nj\u00eb dat\u00eb e dit\u00eb e mbar\u00eb, e bekuar, e shenjt\u00eb.<\/p>\n<p>22 marsi \u00ebsht\u00eb dit\u00eb e madhe!<br \/>\n22 marsi \u00ebsht\u00eb dita e par\u00eb e demokracis\u00eb!<\/p>\n<p>E bekuar kjo dat\u00eb!<br \/>\nE shenjt\u00eb kjo dit\u00eb!<\/p>\n<p>Nj\u00eb pranver\u00eb e mbar\u00eb p\u00ebr t\u00eb gjith\u00eb shqiptar\u00ebt!<br \/>\nNje frym\u00eb e re, shpres\u00ebplot\u00eb, drit\u00ebplot\u00eb p\u00ebr Shqip\u00ebrin\u00eb, p\u00ebr Partin\u00eb Demokratike!<\/p>\n<p>Zoti e bekoft\u00eb rrug\u00ebtimin ton\u00eb demokratik, rrug\u00ebtimin e t\u00eb gjith\u00eb shqiptar\u00ebve!<\/p>\n<p><img loading=\"lazy\" decoding=\"async\" class=\"alignnone  wp-image-7598\" src=\"https:\/\/rdnews.al\/wp-content\/uploads\/2022\/03\/Berisha22-marsi-300x188.jpg\" alt=\"\" width=\"396\" height=\"248\" srcset=\"https:\/\/rdnews.al\/wp-content\/uploads\/2022\/03\/Berisha22-marsi-300x188.jpg 300w, https:\/\/rdnews.al\/wp-content\/uploads\/2022\/03\/Berisha22-marsi.jpg 640w\" sizes=\"auto, (max-width: 396px) 100vw, 396px\" \/><\/p>\n","protected":false},"excerpt":{"rendered":"<p>Nga Rezenbrik SERJANI 22 marsi p\u00ebr t\u00eb gjith\u00eb demokrat\u00ebt, p\u00ebr t\u00eb gjith\u00eb shqiptar\u00ebt mbetet nj\u00eb nd\u00ebr momentet m\u00eb t\u00eb m\u00ebdha historike t\u00eb Shqip\u00ebris\u00eb. 22 marsi, \u00cbsht\u00ebdita simbol i fillimit t\u00eb nj\u00eb kapitulli t\u00eb ndritur t\u00eb faqes son\u00eb historike. \u00cbsht\u00eb dita-simbol e fillimit t\u00eb funksionimit t\u00eb demokracis\u00eb. \u00cbsht\u00eb dita-simbol e daljes nj\u00ebher e p\u00ebrgjithmon\u00eb nga err\u00ebsira. &hellip;<\/p>\n","protected":false},"author":4,"featured_media":7639,"comment_status":"open","ping_status":"open","sticky":false,"template":"","format":"standard","meta":{"footnotes":""},"categories":[44],"tags":[],"class_list":["post-7638","post","type-post","status-publish","format-standard","has-post-thumbnail","","category-editorial"],"_links":{"self":[{"href":"https:\/\/rdnews.al\/index.php\/wp-json\/wp\/v2\/posts\/7638","targetHints":{"allow":["GET"]}}],"collection":[{"href":"https:\/\/rdnews.al\/index.php\/wp-json\/wp\/v2\/posts"}],"about":[{"href":"https:\/\/rdnews.al\/index.php\/wp-json\/wp\/v2\/types\/post"}],"author":[{"embeddable":true,"href":"https:\/\/rdnews.al\/index.php\/wp-json\/wp\/v2\/users\/4"}],"replies":[{"embeddable":true,"href":"https:\/\/rdnews.al\/index.php\/wp-json\/wp\/v2\/comments?post=7638"}],"version-history":[{"count":0,"href":"https:\/\/rdnews.al\/index.php\/wp-json\/wp\/v2\/posts\/7638\/revisions"}],"wp:featuredmedia":[{"embeddable":true,"href":"https:\/\/rdnews.al\/index.php\/wp-json\/wp\/v2\/media\/7639"}],"wp:attachment":[{"href":"https:\/\/rdnews.al\/index.php\/wp-json\/wp\/v2\/media?parent=7638"}],"wp:term":[{"taxonomy":"category","embeddable":true,"href":"https:\/\/rdnews.al\/index.php\/wp-json\/wp\/v2\/categories?post=7638"},{"taxonomy":"post_tag","embeddable":true,"href":"https:\/\/rdnews.al\/index.php\/wp-json\/wp\/v2\/tags?post=7638"}],"curies":[{"name":"wp","href":"https:\/\/api.w.org\/{rel}","templated":true}]}}