{"id":76395,"date":"2024-04-12T16:57:03","date_gmt":"2024-04-12T16:57:03","guid":{"rendered":"https:\/\/rdnews.al\/?p=76395"},"modified":"2024-04-12T16:57:03","modified_gmt":"2024-04-12T16:57:03","slug":"teatri-kombetar-kushtetuesja-dhe-olta-e-cunave-te-kristaq-rames","status":"publish","type":"post","link":"https:\/\/rdnews.al\/index.php\/2024\/04\/12\/teatri-kombetar-kushtetuesja-dhe-olta-e-cunave-te-kristaq-rames\/","title":{"rendered":"Teatri Komb\u00ebtar, Kushtetuesja dhe Olta e \u00e7unave t\u00eb Kristaq Ram\u00ebs&#8230;"},"content":{"rendered":"<p><strong>Nga Adriana KALAJA<\/strong><\/p>\n<p>Lidhjet e dukshme dhe t\u00eb padukshme t\u00eb Olt\u00ebs strategjike me \u00e7unat e Kristaq Ram\u00ebs, i din\u00eb t\u00eb gjith\u00eb.<\/p>\n<p>Nga SHBA e deri te kthimi n\u00eb Shqip\u00ebri i saj.<\/p>\n<p>Po k\u00ebshtu, edhe lidhjet apo p\u00ebrfitimet financiare t\u00eb saj me firmat piramidale e konkretisht me at\u00eb t\u00eb Gjallic\u00ebs, i di kushdo.<\/p>\n<p>Ashtu si\u00e7 di edhe se Olta \u00ebsht\u00eb e bija e Natasha Xha\u00e7k\u00ebs, trafikantes s\u00eb f\u00ebmij\u00ebve dhe organeve t\u00eb tyre n\u00eb shtetin grek e m\u00eb gj\u00ebr\u00eb.<\/p>\n<p>\u00c7udit\u00ebrisht, n\u00eb ortak\u00ebri me Pranvera Strakosh\u00ebn, ndryshe n\u00ebn\u00ebn e Amant Josifi, i cili p\u00ebrve\u00e7 se e \u00e7oi n\u00eb nj\u00eb stad shum\u00eb m\u00eb t\u00eb lart\u00eb mashtrimin me an\u00eb t\u00eb firmave piramidale, ishte edhe k\u00ebshilltar i Olt\u00ebs kur fali e shiti pronat e ushtris\u00eb n\u00eb jug t\u00eb Shqip\u00ebris\u00eb.<\/p>\n<p>N\u00eb k\u00ebt\u00eb kuptim, t\u00eb gjith\u00eb e njohin Olt\u00ebn, por rilindja k\u00ebshtu i do.<\/p>\n<p>Me &#8220;cen&#8221; q\u00eb t&#8217;i p\u00ebrdor\u00eb leht\u00ebsisht.<\/p>\n<p>Se q\u00eb ishte me &#8220;fat&#8221; n\u00eb grev\u00ebn e uris\u00eb n\u00eb \u00e7adr\u00ebn e vitit 2009, nuk mund t\u00eb mos e pranojm\u00eb.<\/p>\n<p>Dhe q\u00eb nga ajo dit\u00eb ka filluar e gjith\u00eb &#8220;mbar\u00ebsia&#8221; e saj, po k\u00ebshtu.<\/p>\n<p>T\u00eb kthehemi te votimi i djesh\u00ebm n\u00eb Kuvend.<\/p>\n<p>Ndryshe nga shumica q\u00eb u trishtuan se, dje mazhoranca e mbrojti Olt\u00ebn dhe nuk e &#8220;dor\u00ebzoi&#8221; n\u00eb Kushtetuese, un\u00eb p\u00ebrve\u00e7 se gjykoj se ata zvarranik\u00eb t\u00eb veshur me imunitet deputeti, mbrojt\u00ebn Ram\u00ebn dhe precedentin p\u00ebr t\u00eb nes\u00ebrmen e tyre, u g\u00ebzova pa mas\u00eb.<\/p>\n<p>P\u00ebr her\u00eb t\u00eb par\u00eb, q\u00eb kur filloi kjo tallavaja me &#8220;Drejt\u00ebsi t\u00eb Re&#8221; por me aktor\u00eb t\u00eb vjet\u00ebr nga Sokol\u00ebt e Partis\u00eb n\u00eb Gjykat\u00ebn e Lart\u00eb e deri te Dvorani e m\u00eb gj\u00ebr\u00eb, Rama doli hapur se nuk njeh as ligjin e as Kushtetut\u00ebn.<\/p>\n<p>Se pavar\u00ebsin\u00eb e pushteteve jo e jo.<\/p>\n<p>Pse Rama kishte frik\u00eb t&#8217;ja linte n\u00eb der\u00eb Kushtetueses, q\u00eb deri m\u00eb sot nuk ja kan\u00eb &#8220;prishur&#8221; p\u00ebr asgj\u00eb?<\/p>\n<p>Nga Porti i Durr\u00ebsit, te Refugjat\u00ebt Afrikan\u00eb etj.<\/p>\n<p>S\u00eb pari, ata ashtu si dhe nd\u00ebrkomb\u00ebtar\u00ebt, e shikojn\u00eb se Rama, duke u &#8220;llastuar&#8221; nga vet\u00eb ata lidhur me zbatimin e urdh\u00ebrave, ka dal\u00eb jasht\u00eb kontrollit dhe kjo mund t\u00eb \u00e7onte edhe n\u00eb rastin se mund t&#8217;i jepnin nj\u00eb m\u00ebsim n\u00eb k\u00ebt\u00eb rast.<\/p>\n<p>S\u00eb dyti, ata vet\u00eb e komplikuan \u00e7\u00ebshtjen &#8220;Xha\u00e7ka&#8221; duke legjitimuar pakic\u00ebn parlamentare e delegjitimuar 1\/5 e deputet\u00ebve t\u00eb sanksionuar me Kushtetut\u00eb p\u00ebr t&#8217;ju drejtuar Kushtetueses si dhe duke zgjeruar kompetenc\u00ebn e mazhoranc\u00ebs me vendimin e janarit 2023.<\/p>\n<p>Dhe nisur nga fakti se Kushtetuesja i&#8217;a b\u00ebri nj\u00eb her\u00eb nderin, hera e dyt\u00eb mund t\u00eb ishte me rrisk t\u00eb madh, nisur edhe nga fakti se \u00e7\u00ebshtja ka probleme t\u00eb r\u00ebnda kushtetuese dhe penale.<\/p>\n<p>Po \u00e7far\u00eb m\u00eb &#8220;g\u00ebzoi&#8221; m\u00eb shum\u00eb nga ajo q\u00eb ndodhi dje n\u00eb Kuvend?<\/p>\n<p>Se kam koh\u00eb q\u00eb them se Edi, v\u00ebllai i Olsit t\u00eb Xibrak\u00ebs, duke q\u00ebn\u00eb se b\u00ebn prokurorin, gjyqtarin, ekspertin dhe avokatin, nuk i njeh dhe zbaton vendimet e Gjykat\u00ebs Kushtetuese dhe se ky qendrim i tij dhe k\u00ebsaj mazhoranca ka treguar se q\u00eb nga korrik i vitit 2021,<\/p>\n<p>KA R\u00cbN\u00cb SHTETI LIGJOR I S\u00cb DREJT\u00cbS.<\/p>\n<p>Pse e them k\u00ebt\u00eb?<\/p>\n<ol>\n<li>M\u00eb dat\u00eb 2 korrik 2021, Gjykata Kushtetuese vendosi:<\/li>\n<\/ol>\n<p>&#8211; T\u00eb shpall\u00eb si antikushtetues ligjin special nr. 37\/2018.<\/p>\n<p>&#8211; T\u00eb shpall\u00eb antikushtetues VKM nr. 377 dat\u00eb 8.5.2020 lidhur me transferimit e pron\u00ebs s\u00eb Teatrit Komb\u00ebtar nga Ministria e Kultur\u00ebs te Bashkia Tiran\u00eb.<\/p>\n<ol start=\"2\">\n<li>M\u00eb dat\u00eb 21.7.2021, vendimi botohet n\u00eb Fletoren Zyrtare, duke b\u00ebr\u00eb q\u00eb vendimi t\u00eb hyj\u00eb n\u00eb fuqi.<\/li>\n<li>Nd\u00ebrkoh\u00eb q\u00eb ne k\u00ebrkonim ekzekutimin e vendimit t\u00eb Gjykat\u00ebs Kushtetuese, Artan Lame, hajduti i rradh\u00ebs n\u00eb sh\u00ebrbim t\u00eb \u00e7unave t\u00eb Kristaqit, ekzekuton pjes\u00ebrisht vendimin e GJK, duke kthyer mbrapsh Truallin (n\u00eb kllapa sh\u00ebnimi ishte nuk ka nd\u00ebrtesa), nga Bashkia Tiran\u00eb te Ministria e Kultur\u00ebs.<\/li>\n<li>M\u00eb dat\u00eb 30.07.2021, pra 9 dit\u00eb pasi vendimi kishte mar\u00eb form\u00eb t\u00eb prer\u00eb, Rama me VKM nr. 495 RItransferon k\u00ebt\u00eb rradh\u00eb vet\u00ebm Truallin, pasi godinat i shemb\u00ebn barbarisht m\u00eb 17 maj 2020, nga Ministria e Kultur\u00ebs te Bashkia Tiran\u00eb.<\/li>\n<li>Me 3 gusht 2021 kall\u00ebzojm\u00eb Ram\u00ebn e Olsit t\u00eb Xibrak\u00ebs dhe t\u00eb gjith\u00eb zyrtar\u00ebt e tjer\u00eb p\u00ebr mos ekzekutim t\u00eb nj\u00eb vendimi gjyq\u00ebsor dhe pengim n\u00eb ekzekutimin e nj\u00eb vendimi gjyq\u00ebsor.<\/li>\n<\/ol>\n<p>Pra p\u00ebr t&#8217;a p\u00ebrmbledhur, megjith\u00ebse Kushtetuesja e shpall antikushtetues VKM nr. 377\/2020, v\u00ebllai i Olsi t\u00eb Xibrak\u00ebs, jo vet\u00ebm nuk e njeh dhe e ekzekuton, por nxjerr nj\u00eb VKM t\u00eb re t\u00eb ngjash\u00ebm me at\u00eb t\u00eb shpallur antikushtetues.<\/p>\n<p>\u00c7far\u00eb b\u00ebn SPAK drejtuar n\u00eb at\u00eb koh\u00eb nga ish sigurimsi Arben Kraja dhe sot nga prokurori i dosjes 184 Dumani?<\/p>\n<p>Asgj\u00eb.<\/p>\n<p>As n\u00eb pyetje nuk e marin dot Kryeshefin e Reform\u00ebs se, e din\u00eb vet\u00eb rezultatin po i preke n\u00eb &#8220;kallo&#8221; Atij.<\/p>\n<p>Nd\u00ebrkoh\u00eb q\u00eb VKM-ja p\u00ebr t\u00eb cil\u00ebn mbahet n\u00eb arrest sht\u00ebpie lideri i opozit\u00ebs Berisha:<\/p>\n<ol>\n<li>Nuk \u00ebsht\u00eb shpallur antikushtetues.<\/li>\n<li>Nuk i ka shkaktuar d\u00ebm Buxhetit t\u00eb Shtetit.<\/li>\n<li>Ka patur karakter t\u00eb p\u00ebrgjithsh\u00ebm e jo nominal.<\/li>\n<\/ol>\n<p>Kjo me pak fjal\u00eb \u00ebsht\u00eb &#8220;Reforma n\u00eb Drejt\u00ebsi&#8221; e sponsorizuar e mb\u00ebshtetur nga Soros dhe se produkti i saj \u00ebsht\u00eb q\u00eb pas hekurave shkon kush c\u00ebnon aferat e grupit t\u00eb strukturuar kriminal, drejtuar nga v\u00ebllai i Olsit t\u00eb Xibrak\u00ebs, ndryshe miku i Olt\u00ebs n\u00eb SHBA.<\/p>\n<p>Ndaj \u00e7do dit\u00eb q\u00eb kalon me liderin e opozit\u00ebs n\u00ebn arrest, \u00ebsht\u00eb d\u00ebmi m\u00eb i madh p\u00ebr lirin\u00eb, demokracin\u00eb dhe pluralizmin.<\/p>\n<p>L\u00ebrini Komisionet e dialogun me mafien n\u00eb t\u00eb gjith\u00eb pushtetet, por LIRONI liderin e opozit\u00ebs Prof. Dr. Sali Berisha.<\/p>\n<p>Nga k\u00ebtu fillon \u00e7do gj\u00eb.<\/p>\n<p>T\u00eb tjerat, jan\u00eb show pa produkt p\u00ebrsa koh\u00eb q\u00eb nj\u00eb bandit si i biri i Kristaqit, vras\u00ebs i poetit Havzi Nela dhe v\u00ebllai i Olsit t\u00eb Xibrak\u00ebs, nuk njeh dhe zbaton vendimet e Gjykat\u00ebs Kushtetuese.<\/p>\n<p>PS: Thon\u00eb se partia t&#8217;a v\u00eb njoll\u00ebn e po partia ta heq e, ky \u00ebsht\u00eb rasti i Olt\u00ebs, por Olta ka hallin e atyre nga mali q\u00eb do i ngulin bishtin e \u00e7adr\u00ebs&#8230;&#8230;te plazhi i saj.<\/p>\n<p>PS 1: Thon\u00eb se edhe partia t\u00eb marton, prap ky \u00ebsht\u00eb rasti Olt\u00ebs.<\/p>\n<p>PS 2: Kur do partia, t\u00eb ec\u00ebn edhe &#8220;fati&#8221;, dhe ky prap \u00ebsht\u00eb rasti i Olt\u00ebs.<\/p>\n","protected":false},"excerpt":{"rendered":"<p>Nga Adriana KALAJA Lidhjet e dukshme dhe t\u00eb padukshme t\u00eb Olt\u00ebs strategjike me \u00e7unat e Kristaq Ram\u00ebs, i din\u00eb t\u00eb gjith\u00eb. Nga SHBA e deri te kthimi n\u00eb Shqip\u00ebri i saj. Po k\u00ebshtu, edhe lidhjet apo p\u00ebrfitimet financiare t\u00eb saj me firmat piramidale e konkretisht me at\u00eb t\u00eb Gjallic\u00ebs, i di kushdo. Ashtu si\u00e7 di &hellip;<\/p>\n","protected":false},"author":4,"featured_media":67658,"comment_status":"closed","ping_status":"closed","sticky":false,"template":"","format":"standard","meta":{"footnotes":""},"categories":[44],"tags":[],"class_list":["post-76395","post","type-post","status-publish","format-standard","has-post-thumbnail","","category-editorial"],"_links":{"self":[{"href":"https:\/\/rdnews.al\/index.php\/wp-json\/wp\/v2\/posts\/76395","targetHints":{"allow":["GET"]}}],"collection":[{"href":"https:\/\/rdnews.al\/index.php\/wp-json\/wp\/v2\/posts"}],"about":[{"href":"https:\/\/rdnews.al\/index.php\/wp-json\/wp\/v2\/types\/post"}],"author":[{"embeddable":true,"href":"https:\/\/rdnews.al\/index.php\/wp-json\/wp\/v2\/users\/4"}],"replies":[{"embeddable":true,"href":"https:\/\/rdnews.al\/index.php\/wp-json\/wp\/v2\/comments?post=76395"}],"version-history":[{"count":0,"href":"https:\/\/rdnews.al\/index.php\/wp-json\/wp\/v2\/posts\/76395\/revisions"}],"wp:featuredmedia":[{"embeddable":true,"href":"https:\/\/rdnews.al\/index.php\/wp-json\/wp\/v2\/media\/67658"}],"wp:attachment":[{"href":"https:\/\/rdnews.al\/index.php\/wp-json\/wp\/v2\/media?parent=76395"}],"wp:term":[{"taxonomy":"category","embeddable":true,"href":"https:\/\/rdnews.al\/index.php\/wp-json\/wp\/v2\/categories?post=76395"},{"taxonomy":"post_tag","embeddable":true,"href":"https:\/\/rdnews.al\/index.php\/wp-json\/wp\/v2\/tags?post=76395"}],"curies":[{"name":"wp","href":"https:\/\/api.w.org\/{rel}","templated":true}]}}