{"id":76558,"date":"2024-04-15T10:30:59","date_gmt":"2024-04-15T10:30:59","guid":{"rendered":"https:\/\/rdnews.al\/?p=76558"},"modified":"2024-04-15T10:31:51","modified_gmt":"2024-04-15T10:31:51","slug":"triumfi-me-leverkusen-mediat-ngrejne-ne-qiell-alonson-kaiseri-i-ri","status":"publish","type":"post","link":"https:\/\/rdnews.al\/index.php\/2024\/04\/15\/triumfi-me-leverkusen-mediat-ngrejne-ne-qiell-alonson-kaiseri-i-ri\/","title":{"rendered":"Triumfi me Leverkusen\/ Mediat \u201cngrejn\u00eb n\u00eb qiell\u201d Alonson: Kaiseri i ri\u2026"},"content":{"rendered":"<p>Suksesi i Bayer Leverkusen ka sjell fest\u00eb n\u00eb Gjermani, por jo vet\u00ebm. E gjith\u00eb bota e futbollit \u00ebsht\u00eb bashkuar me g\u00ebzimin e tyre, m\u00eb n\u00eb fund i dhan\u00eb pak ngjyra nj\u00eb kampionati q\u00eb \u00e7do vit e m\u00eb shum\u00eb po kthehej n\u00eb nj\u00eb monolog nga ana e Bayern Munich. Ishin pik\u00ebrisht drejtuesit e Bayern t\u00eb cil\u00ebt uruan t\u00eb par\u00ebt rival\u00ebt e tyre t\u00eb Leverkusen:<\/p>\n<figure id=\"attachment_2397119\" class=\"wp-caption alignnone\" aria-describedby=\"caption-attachment-2397119\"><a href=\"https:\/\/www.balkanweb.com\/wp-content\/uploads\/2024\/04\/alonso-2.jpg\" rel=\"lightbox noopener\" target=\"_blank\"><img loading=\"lazy\" decoding=\"async\" class=\"wp-image-2397119 size-full\" src=\"https:\/\/www.balkanweb.com\/wp-content\/uploads\/2024\/04\/alonso-2.jpg\" sizes=\"auto, (max-width: 2048px) 100vw, 2048px\" srcset=\"https:\/\/www.balkanweb.com\/wp-content\/uploads\/2024\/04\/alonso-2.jpg 2048w, https:\/\/www.balkanweb.com\/wp-content\/uploads\/2024\/04\/alonso-2-400x267.jpg 400w, https:\/\/www.balkanweb.com\/wp-content\/uploads\/2024\/04\/alonso-2-525x350.jpg 525w, https:\/\/www.balkanweb.com\/wp-content\/uploads\/2024\/04\/alonso-2-768x512.jpg 768w, https:\/\/www.balkanweb.com\/wp-content\/uploads\/2024\/04\/alonso-2-1536x1024.jpg 1536w, https:\/\/www.balkanweb.com\/wp-content\/uploads\/2024\/04\/alonso-2-370x247.jpg 370w, https:\/\/www.balkanweb.com\/wp-content\/uploads\/2024\/04\/alonso-2-113x75.jpg 113w, https:\/\/www.balkanweb.com\/wp-content\/uploads\/2024\/04\/alonso-2-675x450.jpg 675w\" alt=\"Alonso\" width=\"2048\" height=\"1365\" \/><\/a><\/figure>\n<p><strong><em>\u201cAlonsos, stafit t\u00eb tij dhe mbi t\u00eb gjitha klubit i b\u00ebj komplimente speciale. Futbolli i tij ishte inspirim p\u00ebr Bundeslig\u00ebn, thyen m\u00eb n\u00eb fund rrug\u00ebtimin e Bayern, por do t\u00eb b\u00ebjm\u00eb gjith\u00e7ka p\u00ebr t\u00eb rifituar Bundeslig\u00ebn\u201d<\/em><\/strong>, u shpreh drejtori sportiv i Bayern Munich, Max Eberl. Suksesi i Bayer Leverkusen, por mbi t\u00eb gjitha i Alonsos mori faqet e para t\u00eb mediave spanjolle:<\/p>\n<figure id=\"attachment_2397128\" class=\"wp-caption alignnone\" style=\"width: 531px;\" aria-describedby=\"caption-attachment-2397128\"><a href=\"https:\/\/www.balkanweb.com\/wp-content\/uploads\/2024\/04\/asss.jpg\" rel=\"lightbox noopener\" target=\"_blank\"><img loading=\"lazy\" decoding=\"async\" class=\"wp-image-2397128 \" src=\"https:\/\/www.balkanweb.com\/wp-content\/uploads\/2024\/04\/asss.jpg\" sizes=\"auto, (max-width: 742px) 100vw, 742px\" srcset=\"https:\/\/www.balkanweb.com\/wp-content\/uploads\/2024\/04\/asss.jpg 742w, https:\/\/www.balkanweb.com\/wp-content\/uploads\/2024\/04\/asss-218x280.jpg 218w, https:\/\/www.balkanweb.com\/wp-content\/uploads\/2024\/04\/asss-272x350.jpg 272w, https:\/\/www.balkanweb.com\/wp-content\/uploads\/2024\/04\/asss-205x263.jpg 205w, https:\/\/www.balkanweb.com\/wp-content\/uploads\/2024\/04\/asss-62x80.jpg 62w, https:\/\/www.balkanweb.com\/wp-content\/uploads\/2024\/04\/asss-350x450.jpg 350w\" alt=\"Asss\" width=\"531\" height=\"682\" \/><\/a><\/figure>\n<p><strong><em>\u201cKaiseri i ri\u201d<\/em><\/strong>, shkruan AS n\u00eb faqen e par\u00eb, titull shoq\u00ebruar me foton e Xabi Alonsos. Shijon n\u00eb maksimum k\u00ebt\u00eb sukses arkitekti i k\u00ebtij ekipi, Xabi Alonso:<\/p>\n<p><iframe title=\"YouTube video player\" src=\"https:\/\/www.youtube.com\/embed\/xQX4hXtIHoQ?si=NUK3tNmYodvdf5Cz\" frameborder=\"0\" allowfullscreen=\"allowfullscreen\" data-sticky-video-state=\"sticky\" data-mce-fragment=\"1\"><\/iframe><\/p>\n<div id=\"beacon_4fbff2d103\"><img loading=\"lazy\" decoding=\"async\" src=\"https:\/\/ads.balkanweb.com\/www\/delivery\/lg.php?bannerid=0&amp;campaignid=0&amp;zoneid=629&amp;loc=https%3A%2F%2Fwww.balkanweb.com%2Fkasieri-i-ri-te-gjithe-te-dashuruar-pas-alonso-s-bekohet-edhe-ne-spanje%2F&amp;referer=https%3A%2F%2Fwww.balkanweb.com%2Fkasieri-i-ri-te-gjithe-te-dashuruar-pas-alonso-s-bekohet-edhe-ne-spanje%2F&amp;cb=4fbff2d103\" alt=\"\" width=\"0\" height=\"0\" \/><strong><em>\u201cKy titull i p\u00ebrket edhe trajner\u00ebve t\u00eb tjer\u00eb q\u00eb kan\u00eb qen\u00eb k\u00ebtu p\u00ebrpara meje. Jam shum\u00eb krenar q\u00eb b\u00ebj pjes\u00eb e historis\u00eb s\u00eb Leverkusen. Ky \u00ebsht\u00eb nj\u00eb moment shum\u00eb special p\u00ebr klubin. T\u00eb fitosh p\u00ebr her\u00eb t\u00eb par\u00eb Bundeslig\u00ebn pas 120 vitesh \u00ebsht\u00eb di\u00e7ka shum\u00eb speciale. Lojtar\u00ebt e mij\u00eb jan\u00eb t\u00eb nj\u00eb niveli shum\u00eb t\u00eb lart\u00eb, jan\u00eb nj\u00eb skuad\u00ebr e jasht\u00ebzakonshme. Jam shum\u00eb krenar p\u00ebr t\u00eb gjith\u00eb. \u00cbsht\u00eb nj\u00eb nder t\u00eb jem trajneri i tyre<\/em><\/strong>\u201d, u shpreh Alonso p\u00ebrpara dushit me birra.<\/div>\n<p>&nbsp;<\/p>\n","protected":false},"excerpt":{"rendered":"<p>Suksesi i Bayer Leverkusen ka sjell fest\u00eb n\u00eb Gjermani, por jo vet\u00ebm. E gjith\u00eb bota e futbollit \u00ebsht\u00eb bashkuar me g\u00ebzimin e tyre, m\u00eb n\u00eb fund i dhan\u00eb pak ngjyra nj\u00eb kampionati q\u00eb \u00e7do vit e m\u00eb shum\u00eb po kthehej n\u00eb nj\u00eb monolog nga ana e Bayern Munich. Ishin pik\u00ebrisht drejtuesit e Bayern t\u00eb cil\u00ebt &hellip;<\/p>\n","protected":false},"author":4,"featured_media":76555,"comment_status":"closed","ping_status":"closed","sticky":false,"template":"","format":"standard","meta":{"footnotes":""},"categories":[39],"tags":[],"class_list":["post-76558","post","type-post","status-publish","format-standard","has-post-thumbnail","","category-sport"],"_links":{"self":[{"href":"https:\/\/rdnews.al\/index.php\/wp-json\/wp\/v2\/posts\/76558","targetHints":{"allow":["GET"]}}],"collection":[{"href":"https:\/\/rdnews.al\/index.php\/wp-json\/wp\/v2\/posts"}],"about":[{"href":"https:\/\/rdnews.al\/index.php\/wp-json\/wp\/v2\/types\/post"}],"author":[{"embeddable":true,"href":"https:\/\/rdnews.al\/index.php\/wp-json\/wp\/v2\/users\/4"}],"replies":[{"embeddable":true,"href":"https:\/\/rdnews.al\/index.php\/wp-json\/wp\/v2\/comments?post=76558"}],"version-history":[{"count":0,"href":"https:\/\/rdnews.al\/index.php\/wp-json\/wp\/v2\/posts\/76558\/revisions"}],"wp:featuredmedia":[{"embeddable":true,"href":"https:\/\/rdnews.al\/index.php\/wp-json\/wp\/v2\/media\/76555"}],"wp:attachment":[{"href":"https:\/\/rdnews.al\/index.php\/wp-json\/wp\/v2\/media?parent=76558"}],"wp:term":[{"taxonomy":"category","embeddable":true,"href":"https:\/\/rdnews.al\/index.php\/wp-json\/wp\/v2\/categories?post=76558"},{"taxonomy":"post_tag","embeddable":true,"href":"https:\/\/rdnews.al\/index.php\/wp-json\/wp\/v2\/tags?post=76558"}],"curies":[{"name":"wp","href":"https:\/\/api.w.org\/{rel}","templated":true}]}}