{"id":76844,"date":"2024-04-18T08:14:03","date_gmt":"2024-04-18T08:14:03","guid":{"rendered":"https:\/\/rdnews.al\/?p=76844"},"modified":"2024-04-18T08:14:03","modified_gmt":"2024-04-18T08:14:03","slug":"bardhi-ja-cfare-kerkova-ne-takimin-me-kryetarin-e-parlamentit","status":"publish","type":"post","link":"https:\/\/rdnews.al\/index.php\/2024\/04\/18\/bardhi-ja-cfare-kerkova-ne-takimin-me-kryetarin-e-parlamentit\/","title":{"rendered":"Bardhi: Ja \u00e7far\u00eb k\u00ebrkova n\u00eb takimin me kryetarin e Parlamentit"},"content":{"rendered":"<p>Pasi deputet\u00ebt e maxhoranc\u00ebs kan\u00eb bojkotuar disa her\u00eb Komisionet Hetimore p\u00ebr sistemin TIMS dhe at\u00eb p\u00ebr Sh\u00ebndet\u00ebsin\u00eb, m\u00ebsohet se kreu i grupit parlamentar t\u00eb PD, Gazment Bardhi \u00ebsht\u00eb takuar me kryeparlamentaren Lindita Nikolla.<\/p>\n<p>Lajmi \u00ebsht\u00eb b\u00ebr\u00eb i ditur nga Bardhi dje nga mbledhja e grupit parlamentar.<\/p>\n<p>\u201cKam takuar Kryetaren e Kuvendit p\u00ebr k\u00ebt\u00eb shqet\u00ebsim dhe e kam k\u00ebrkuar t\u00eb mos pengohet funksionimi i komisioneve hetimore parlamentare (TIMS-i dhe koncesionet n\u00eb sh\u00ebndet\u00ebsi). Kryetarja e Kuvendit m\u00eb ka konfirmuar q\u00eb nuk ka asnj\u00eb vendim politik t\u00eb PS p\u00ebr t\u2019i bllokuar komisionet dhe keqkuptimet q\u00eb jan\u00eb krijuar duhet t\u00eb zgjidhen. N\u00ebse ka pengesa duhet t\u00eb ulen dy kryetar\u00ebt me dy n\u00ebnkryetar\u00ebt q\u00eb t\u00eb p\u00ebrcaktojn\u00eb vijimin, dhe t\u00eb gjitha shkresat p\u00ebr informacion m\u00eb \u00ebsht\u00eb konfirmuar q\u00eb nuk do pengohet asnj\u00eb, do t\u00eb kalojn\u00eb dhe nuk do t\u00eb k\u00ebt\u00eb asnj\u00eb penges\u00eb\u201d, m\u00ebsohet t\u00eb jet\u00eb shprehur Bardhi para demokrat\u00ebve dje.<\/p>\n","protected":false},"excerpt":{"rendered":"<p>Pasi deputet\u00ebt e maxhoranc\u00ebs kan\u00eb bojkotuar disa her\u00eb Komisionet Hetimore p\u00ebr sistemin TIMS dhe at\u00eb p\u00ebr Sh\u00ebndet\u00ebsin\u00eb, m\u00ebsohet se kreu i grupit parlamentar t\u00eb PD, Gazment Bardhi \u00ebsht\u00eb takuar me kryeparlamentaren Lindita Nikolla. Lajmi \u00ebsht\u00eb b\u00ebr\u00eb i ditur nga Bardhi dje nga mbledhja e grupit parlamentar. \u201cKam takuar Kryetaren e Kuvendit p\u00ebr k\u00ebt\u00eb shqet\u00ebsim dhe &hellip;<\/p>\n","protected":false},"author":4,"featured_media":74257,"comment_status":"closed","ping_status":"closed","sticky":false,"template":"","format":"standard","meta":{"footnotes":""},"categories":[37],"tags":[],"class_list":["post-76844","post","type-post","status-publish","format-standard","has-post-thumbnail","","category-politike"],"_links":{"self":[{"href":"https:\/\/rdnews.al\/index.php\/wp-json\/wp\/v2\/posts\/76844","targetHints":{"allow":["GET"]}}],"collection":[{"href":"https:\/\/rdnews.al\/index.php\/wp-json\/wp\/v2\/posts"}],"about":[{"href":"https:\/\/rdnews.al\/index.php\/wp-json\/wp\/v2\/types\/post"}],"author":[{"embeddable":true,"href":"https:\/\/rdnews.al\/index.php\/wp-json\/wp\/v2\/users\/4"}],"replies":[{"embeddable":true,"href":"https:\/\/rdnews.al\/index.php\/wp-json\/wp\/v2\/comments?post=76844"}],"version-history":[{"count":0,"href":"https:\/\/rdnews.al\/index.php\/wp-json\/wp\/v2\/posts\/76844\/revisions"}],"wp:featuredmedia":[{"embeddable":true,"href":"https:\/\/rdnews.al\/index.php\/wp-json\/wp\/v2\/media\/74257"}],"wp:attachment":[{"href":"https:\/\/rdnews.al\/index.php\/wp-json\/wp\/v2\/media?parent=76844"}],"wp:term":[{"taxonomy":"category","embeddable":true,"href":"https:\/\/rdnews.al\/index.php\/wp-json\/wp\/v2\/categories?post=76844"},{"taxonomy":"post_tag","embeddable":true,"href":"https:\/\/rdnews.al\/index.php\/wp-json\/wp\/v2\/tags?post=76844"}],"curies":[{"name":"wp","href":"https:\/\/api.w.org\/{rel}","templated":true}]}}