{"id":77206,"date":"2024-04-20T18:59:27","date_gmt":"2024-04-20T18:59:27","guid":{"rendered":"https:\/\/rdnews.al\/?p=77206"},"modified":"2024-04-20T19:20:14","modified_gmt":"2024-04-20T19:20:14","slug":"polici-bandit-qe-terrorizoi-protestuesit-i-denuar-ne-itali-me-12-vjet-burg-per-vrasje","status":"publish","type":"post","link":"https:\/\/rdnews.al\/index.php\/2024\/04\/20\/polici-bandit-qe-terrorizoi-protestuesit-i-denuar-ne-itali-me-12-vjet-burg-per-vrasje\/","title":{"rendered":"Polici bandit q\u00eb terrorizoi protestuesit, i d\u00ebnuar n\u00eb Itali me 12 vjet burg p\u00ebr vrasje!"},"content":{"rendered":"<p>Ervin Zela, banditi q\u00eb nj\u00eb dit\u00eb m\u00eb par\u00eb terrorizoi qytetar\u00ebt q\u00eb protestuan para Bashkis\u00eb s\u00eb Tiran\u00ebs, kund\u00ebr korrupsionit qindra miliona euro t\u00eb Erion Veliajt, \u00ebsht\u00eb i d\u00ebnuar nga gjykatat italiane me 12 vite burg.<\/p>\n<p>Sipas gazetarit Telnis Skuqi, Ervin Zela, i d\u00ebnuar me form\u00eb t\u00eb prer\u00eb nga gjykatat italiane me 12 vite burg p\u00ebr vrasjen e nj\u00eb biznesmeni, \u00ebsht\u00eb rekrutuar q\u00ebllimisht nga kryebashkiaku i Tiran\u00ebs p\u00ebr t\u00eb terrorizuar dhe ndikuar mbi protestuesit q\u00eb thjesht\u00eb k\u00ebrkojn\u00eb q\u00eb parat\u00eb e vjedhura t\u00eb kthehen n\u00eb t\u00eb mir\u00ebn publike.<\/p>\n<p>\u201cKjo sjellje e papranueshme e kryebashkiakut n\u00eb Tiran\u00eb nuk duhet t\u00eb shp\u00ebtoj\u00eb pa pasur pasoja t\u00eb r\u00ebnda.<\/p>\n<p>P\u00ebrve\u00e7 ndotjes s\u00eb imazhit t\u00eb qytetit dhe institucioneve lokale, kjo gjest tregon nj\u00eb munges\u00eb t\u00eb theksuar t\u00eb respektit p\u00ebr ligjin dhe t\u00eb drejt\u00ebsis\u00eb.<\/p>\n<p>Kryebashkiaku duhet t\u00eb p\u00ebrballet me p\u00ebrgjegj\u00ebsi p\u00ebr veprimet e tij dhe t\u00eb paguaj\u00eb p\u00ebr shkeljen e ligjit\u201d, shkruan Skuqi.<\/p>\n<p>Ervin Zela ka dhunuar t\u00eb rinjt\u00eb demokrat\u00eb q\u00eb u ndaluan pas protest\u00ebs s\u00eb djeshme, nd\u00ebrsa mbahen n\u00eb komisariatin nr 1 n\u00eb Tiran\u00eb.<\/p>\n<p><strong>Postimi nga Telnis Skuqi<\/strong><\/p>\n<p>N\u00eb nj\u00eb shoq\u00ebri demokratike, roli i kryebashkiakut t\u00eb Tiran\u00ebs, Erion Veliaj, \u00ebsht\u00eb t\u00eb p\u00ebrfaq\u00ebsoj\u00eb dhe t\u00eb mbroj\u00eb interesat dhe integritetin e qytetar\u00ebve t\u00eb tij.<\/p>\n<p>Ervin Zela, i d\u00ebnuar me form\u00eb t\u00eb prer\u00eb nga gjykatat italiane me 12 vite burg p\u00ebr vrasjen e nj\u00eb biznesmeni, \u00ebsht\u00eb rekrutuar q\u00ebllimisht nga kryebashkiaku i Tiran\u00ebs p\u00ebr t\u00eb terrorizuar dhe ndikuar mbi protestuesit q\u00eb thjesht\u00eb k\u00ebrkojn\u00eb q\u00eb parat\u00eb e vjedhura t\u00eb kthehen n\u00eb t\u00eb mir\u00ebn publike.<\/p>\n<p>Kjo sjellje e papranueshme e kryebashkiakut n\u00eb Tiran\u00eb nuk duhet t\u00eb shp\u00ebtoj\u00eb pa pasur pasoja t\u00eb r\u00ebnda.<\/p>\n<p>P\u00ebrve\u00e7 ndotjes s\u00eb imazhit t\u00eb qytetit dhe institucioneve lokale, kjo gjest tregon nj\u00eb munges\u00eb t\u00eb theksuar t\u00eb respektit p\u00ebr ligjin dhe t\u00eb drejt\u00ebsis\u00eb.<\/p>\n<p>Kryebashkiaku duhet t\u00eb p\u00ebrballet me p\u00ebrgjegj\u00ebsi p\u00ebr veprimet e tij dhe t\u00eb paguaj\u00eb p\u00ebr shkeljen e ligjit.<\/p>\n<p><iframe loading=\"lazy\" src=\"https:\/\/www.facebook.com\/plugins\/post.php?href=https%3A%2F%2Fwww.facebook.com%2Ftelnis.skuqi%2Fposts%2Fpfbid0WPtrmF9FnAWCgofQ1RuyLSEXWhDLJbZ2RwUncu5JDh8FgSrjSEcibV5shietmdX9l&amp;show_text=true&amp;width=500\" width=\"500\" height=\"737\" frameborder=\"0\" scrolling=\"no\" allowfullscreen=\"allowfullscreen\" data-mce-fragment=\"1\"><\/iframe><\/p>\n","protected":false},"excerpt":{"rendered":"<p>Ervin Zela, banditi q\u00eb nj\u00eb dit\u00eb m\u00eb par\u00eb terrorizoi qytetar\u00ebt q\u00eb protestuan para Bashkis\u00eb s\u00eb Tiran\u00ebs, kund\u00ebr korrupsionit qindra miliona euro t\u00eb Erion Veliajt, \u00ebsht\u00eb i d\u00ebnuar nga gjykatat italiane me 12 vite burg. Sipas gazetarit Telnis Skuqi, Ervin Zela, i d\u00ebnuar me form\u00eb t\u00eb prer\u00eb nga gjykatat italiane me 12 vite burg p\u00ebr vrasjen &hellip;<\/p>\n","protected":false},"author":4,"featured_media":77208,"comment_status":"closed","ping_status":"closed","sticky":false,"template":"","format":"standard","meta":{"footnotes":""},"categories":[40],"tags":[],"class_list":["post-77206","post","type-post","status-publish","format-standard","has-post-thumbnail","","category-aktualitet"],"_links":{"self":[{"href":"https:\/\/rdnews.al\/index.php\/wp-json\/wp\/v2\/posts\/77206","targetHints":{"allow":["GET"]}}],"collection":[{"href":"https:\/\/rdnews.al\/index.php\/wp-json\/wp\/v2\/posts"}],"about":[{"href":"https:\/\/rdnews.al\/index.php\/wp-json\/wp\/v2\/types\/post"}],"author":[{"embeddable":true,"href":"https:\/\/rdnews.al\/index.php\/wp-json\/wp\/v2\/users\/4"}],"replies":[{"embeddable":true,"href":"https:\/\/rdnews.al\/index.php\/wp-json\/wp\/v2\/comments?post=77206"}],"version-history":[{"count":0,"href":"https:\/\/rdnews.al\/index.php\/wp-json\/wp\/v2\/posts\/77206\/revisions"}],"wp:featuredmedia":[{"embeddable":true,"href":"https:\/\/rdnews.al\/index.php\/wp-json\/wp\/v2\/media\/77208"}],"wp:attachment":[{"href":"https:\/\/rdnews.al\/index.php\/wp-json\/wp\/v2\/media?parent=77206"}],"wp:term":[{"taxonomy":"category","embeddable":true,"href":"https:\/\/rdnews.al\/index.php\/wp-json\/wp\/v2\/categories?post=77206"},{"taxonomy":"post_tag","embeddable":true,"href":"https:\/\/rdnews.al\/index.php\/wp-json\/wp\/v2\/tags?post=77206"}],"curies":[{"name":"wp","href":"https:\/\/api.w.org\/{rel}","templated":true}]}}