{"id":7721,"date":"2022-03-23T19:14:19","date_gmt":"2022-03-23T19:14:19","guid":{"rendered":"https:\/\/rdnews.al\/?p=7721"},"modified":"2022-03-23T19:45:16","modified_gmt":"2022-03-23T19:45:16","slug":"jemini-kerkon-ruajtjen-e-dyerve-te-blinduara-ne-pd","status":"publish","type":"post","link":"https:\/\/rdnews.al\/index.php\/2022\/03\/23\/jemini-kerkon-ruajtjen-e-dyerve-te-blinduara-ne-pd\/","title":{"rendered":"Jemini k\u00ebrkon ruajtjen e dyerve t\u00eb blinduara n\u00eb PD"},"content":{"rendered":"<p>Jemin Gjana ka sulmuar deputetin dhe an\u00ebtarin e Kryesis\u00eb, Helidon Bushati, pasi ky i fundit propozoi heqjen e dyerve t\u00eb blinduara n\u00eb selin\u00eb e PD.<\/p>\n<p>Gjana i \u00ebsht\u00eb drejtuar Bushatit duke i kujtuar se vjen nga nj\u00eb familje e madhe shkodrane dhe nuk i shkon t\u00eb vij\u00eb n\u00eb mbledhje me t\u00eb tilla propozime.<\/p>\n<p>Gjana ka k\u00ebmb\u00ebngulur q\u00eb dyert e blinduara t\u00eb mos preken.<\/p>\n<p>Kujtojm\u00eb q\u00eb Jemin Gjana n\u00eb mbledhjen e kaluar t\u00eb Kryesis\u00eb s\u00eb PD, ishte i vetmi q\u00eb i tha Lulzim Bash\u00ebs se po b\u00ebn gabim duke dh\u00ebn\u00eb dor\u00ebheqjen.<\/p>\n<p><strong>Debati\u00a0<\/strong><\/p>\n<p><strong>Helidon Bushati\u00a0<\/strong>&#8211; Jemi k\u00ebtu p\u00ebr t\u00eb mir\u00ebn e PD. Ne q\u00eb jemi ketu dhe ata q\u00eb nuk jan\u00eb, por shpresoj t\u00eb jen\u00eb. Bashkimi \u00ebsht\u00eb kryefjala e retorik\u00ebs dhe e vler\u00ebsimit ton\u00eb politik. Duhen akte konkrete p\u00ebr k\u00ebt\u00eb. Debat konstruktiv q\u00eb objektiv t\u00eb jet\u00eb bashkimi, pa p\u00ebrjashtuar asnj\u00eb. Gjesti i par\u00eb do t\u00eb ishte heqja e dyerve t\u00eb blinduara. Nuk e kam vet\u00ebm un\u00eb k\u00ebt\u00eb mendim. Duhet t\u00eb kthehemi n\u00eb normalitet. Pa hyr\u00eb ishte mir\u00eb apo keq, duhet t\u00eb hiqen. Hap i par\u00eb p\u00ebr bashkimin. Vet\u00ebm t\u00eb bashkuar mund t\u00eb jemi jemi konkurrues n\u00eb zgjedhjet e ardhshme, zgjedhjet lokalet jan\u00eb m\u00eb t\u00eb af\u00ebrta.<\/p>\n<p><strong>Jemin Gjana:<\/strong>\u00a0Je familje e madhe shkodrane.\u00a0S&#8217;t\u00eb\u00a0shkon t\u00eb\u00a0vish me propozime p\u00ebr heqje dyersh.\u00a0Uroj zotin Alibeaj. Hera e par\u00eb q\u00eb PD-n\u00eb e drejton nj\u00eb ish i p\u00ebrndjekur. Dhe ndjehem mir\u00eb p\u00ebr k\u00ebt\u00eb.<\/p>\n","protected":false},"excerpt":{"rendered":"<p>Jemin Gjana ka sulmuar deputetin dhe an\u00ebtarin e Kryesis\u00eb, Helidon Bushati, pasi ky i fundit propozoi heqjen e dyerve t\u00eb blinduara n\u00eb selin\u00eb e PD. Gjana i \u00ebsht\u00eb drejtuar Bushatit duke i kujtuar se vjen nga nj\u00eb familje e madhe shkodrane dhe nuk i shkon t\u00eb vij\u00eb n\u00eb mbledhje me t\u00eb tilla propozime. Gjana ka &hellip;<\/p>\n","protected":false},"author":4,"featured_media":2295,"comment_status":"open","ping_status":"open","sticky":false,"template":"","format":"standard","meta":{"footnotes":""},"categories":[37],"tags":[],"class_list":["post-7721","post","type-post","status-publish","format-standard","has-post-thumbnail","","category-politike"],"_links":{"self":[{"href":"https:\/\/rdnews.al\/index.php\/wp-json\/wp\/v2\/posts\/7721","targetHints":{"allow":["GET"]}}],"collection":[{"href":"https:\/\/rdnews.al\/index.php\/wp-json\/wp\/v2\/posts"}],"about":[{"href":"https:\/\/rdnews.al\/index.php\/wp-json\/wp\/v2\/types\/post"}],"author":[{"embeddable":true,"href":"https:\/\/rdnews.al\/index.php\/wp-json\/wp\/v2\/users\/4"}],"replies":[{"embeddable":true,"href":"https:\/\/rdnews.al\/index.php\/wp-json\/wp\/v2\/comments?post=7721"}],"version-history":[{"count":0,"href":"https:\/\/rdnews.al\/index.php\/wp-json\/wp\/v2\/posts\/7721\/revisions"}],"wp:featuredmedia":[{"embeddable":true,"href":"https:\/\/rdnews.al\/index.php\/wp-json\/wp\/v2\/media\/2295"}],"wp:attachment":[{"href":"https:\/\/rdnews.al\/index.php\/wp-json\/wp\/v2\/media?parent=7721"}],"wp:term":[{"taxonomy":"category","embeddable":true,"href":"https:\/\/rdnews.al\/index.php\/wp-json\/wp\/v2\/categories?post=7721"},{"taxonomy":"post_tag","embeddable":true,"href":"https:\/\/rdnews.al\/index.php\/wp-json\/wp\/v2\/tags?post=7721"}],"curies":[{"name":"wp","href":"https:\/\/api.w.org\/{rel}","templated":true}]}}