{"id":77234,"date":"2024-04-22T08:29:55","date_gmt":"2024-04-22T08:29:55","guid":{"rendered":"https:\/\/rdnews.al\/?p=77234"},"modified":"2024-04-22T11:53:43","modified_gmt":"2024-04-22T11:53:43","slug":"rai-3-nxjerr-dokumentet-olsi-rama-levizte-me-trafikantet-e-droges-si-ju-fshi-emri-nga-dosja","status":"publish","type":"post","link":"https:\/\/rdnews.al\/index.php\/2024\/04\/22\/rai-3-nxjerr-dokumentet-olsi-rama-levizte-me-trafikantet-e-droges-si-ju-fshi-emri-nga-dosja\/","title":{"rendered":"RAI3 nxjerr dokumentet: Olsi Rama l\u00ebvizte me trafikant\u00ebt e drog\u00ebs, si ju fshi emri nga dosja\u2026"},"content":{"rendered":"<p><strong>Enton DO\u00c7I<\/strong><br \/>\n<strong>Lyon<\/strong><\/p>\n<p>N\u00eb emisionin investigativ \u201cReport\u201d t\u00eb RAI 3 u trajtua mbr\u00ebmjen e kaluar marr\u00ebveshja mes Shqip\u00ebris\u00eb dhe Italis\u00eb p\u00ebr \u00e7\u00ebshtjen e emigrant\u00ebve. Por gazetari Giorgio Mottola ka shkuar edhe m\u00eb tej duke u ndalur n\u00eb luft\u00ebn ndaj korrupsionit dhe krimit t\u00eb organizuar. Ai \u00ebsht\u00eb ndalur edhe tek akuzat q\u00eb i jan\u00eb b\u00ebr\u00eb Olsi Ram\u00ebs, v\u00ebllait t\u00eb kryeministrit Edi Rama.<\/p>\n<p>\u201cDisa hije arrijn\u00eb deri tek v\u00ebllai i kryeministrit Edi Rama. Nga dokumentet e hetimeve t\u00eb prokuroris\u00eb n\u00eb 2016-\u00ebn q\u00eb emisioni \u201cReport\u201d i publikon ekskluzivisht m\u00eb posht\u00eb rezulton se v\u00ebllai i kryeministrit shqiptar ka p\u00ebrdorur p\u00ebr l\u00ebvizjet e tij t\u00eb nj\u00ebjt\u00ebn makin\u00eb q\u00eb ishte n\u00eb sh\u00ebrbim t\u00eb nj\u00eb karteli t\u00eb narko-trafikut shqiptar, persona q\u00eb jan\u00eb tashm\u00eb gjykuar dhe q\u00eb kan\u00eb qen\u00eb n\u00eb prani direkte t\u00eb Olsi Ram\u00ebs gjat\u00eb disa kontrolleve t\u00eb policis\u00eb.<\/p>\n<p><img decoding=\"async\" src=\"https:\/\/www.syri.net\/uploads\/syri.net\/images\/2024\/April\/22\/auto_11111111111111111111111111713768394.jfif\" alt=\"Image\" data-pin-no-hover=\"true\" \/><\/p>\n<p><img decoding=\"async\" src=\"https:\/\/www.syri.net\/uploads\/syri.net\/images\/2024\/April\/22\/auto_2222222222222222221713768411.jfif\" alt=\"Image\" data-pin-no-hover=\"true\" \/><img decoding=\"async\" src=\"https:\/\/www.syri.net\/uploads\/syri.net\/images\/2024\/April\/22\/auto_33333333333333333333331713768414.jfif\" alt=\"Image\" data-pin-no-hover=\"true\" \/><\/p>\n<p>Nga ky hetim lindi nj\u00eb proces gjyq\u00ebsor ku narko-trafikant\u00ebt jan\u00eb d\u00ebnuar nd\u00ebrsa Olsi Rama as t\u00eb pakt\u00ebn nuk u mor n\u00eb pyetje. Emri i tij, madje \u00ebsht\u00eb fshir\u00eb nga dosjet gjyq\u00ebsore\u201d\u00a0\u2013 thuhet n\u00eb emisionin \u201cReport\u201d t\u00eb RAI 3 q\u00eb ka publikuar edhe faksimilie t\u00eb l\u00ebvizjeve t\u00eb Olsi Ram\u00ebs dhe an\u00ebtar\u00ebve t\u00eb band\u00ebs s\u00eb Xibrak\u00ebs.<\/p>\n<div class=\"jnews_inline_related_post_wrapper left\">\n<div class=\"jnews_inline_related_post\">\n<div class=\"jeg_postblock_29 jeg_postblock jeg_module_hook jeg_pagination_disable jeg_col_2o3 jnews_module_1372344_1_66261f2286850 \" data-unique=\"jnews_module_1372344_1_66261f2286850\">\n<div class=\"jeg_block_heading jeg_block_heading_6 jeg_subcat_right\"><\/div>\n<div class=\"jeg_block_navigation\"><img decoding=\"async\" src=\"https:\/\/www.syri.net\/uploads\/syri.net\/images\/2024\/April\/22\/auto_2222222222222222221713768411.jfif\" alt=\"Image\" data-pin-no-hover=\"true\" \/><\/div>\n<\/div>\n<\/div>\n<\/div>\n<p>\u00c7\u00ebshtja e Olsi Ram\u00ebs ishte n\u00eb qend\u00ebr t\u00eb v\u00ebmendjes pak koh\u00eb m\u00eb par\u00eb n\u00eb vendin ton\u00eb. Ishte kreu i deputet\u00ebve t\u00eb PD-s\u00eb, Gazmend Bardhi ai q\u00eb tha se \u201cpersoni i panjohur\u201d n\u00eb laboratorin e kokain\u00ebs n\u00eb Xibrak\u00eb mund t\u00eb ishte Olsi Rama. Ai tha se v\u00ebllai i kryeministrit nuk p\u00ebrmendej n\u00eb k\u00ebt\u00eb dosje. Vet\u00eb\u00a0Olsi Rama\u00a0si dhe v\u00ebllai i tij kryeminist\u00ebr i mohuan akuzat duke paralajm\u00ebruar nj\u00eb padi p\u00ebr shpifje n\u00eb gjykat\u00eb p\u00ebr Bardhin.<\/p>\n<p>\u201cPavar\u00ebsisht rasteve t\u00eb ve\u00e7anta, n\u00eb dekad\u00ebn e fundit q\u00eb i p\u00ebrket koh\u00ebs s\u00eb qeverisjes Rama, mafia shqiptare ka b\u00ebr\u00eb nj\u00eb rritje epokale n\u00eb cil\u00ebsi, citohet\u201d \u2013\u00a0n\u00eb reportazhin e RAI 3.<\/p>\n<p><img decoding=\"async\" src=\"https:\/\/www.syri.net\/uploads\/syri.net\/images\/2024\/April\/22\/auto_2222222222222222221713768411.jfif\" alt=\"Image\" data-pin-no-hover=\"true\" \/><\/p>\n<p>\u201cMafia shqiptare \u00ebsht\u00eb e fort\u00eb sepse vjen nga shtet ku ka nj\u00eb korrupsion t\u00eb p\u00ebrhapur. K\u00ebshtu organizatat kriminale q\u00eb vijn\u00eb nga Shqip\u00ebria jan\u00eb menj\u00ebher\u00eb t\u00eb pasura, t\u00eb forta dhe t\u00eb pushtetshme. Mafia shqiptare tashm\u00eb \u00ebsht\u00eb strukturuar dhe ka arritur t\u00eb punoj\u00eb n\u00eb bashk\u00ebpunim me N\u2019Drangheta. Ka disa vite q\u00eb e shohim edhe n\u00eb Amerik\u00ebn e Jugut dhe \u00ebsht\u00eb e aft\u00eb q\u00eb edhe n\u00eb m\u00ebnyr\u00eb t\u00eb pavarur t\u00eb sjell\u00eb n\u00eb Itali dhe n\u00eb Europ\u00eb tonelata kokaine\u201d \u2013\u00a0thot\u00eb Nicola Gratteri prokuror i Napolit.<\/p>\n<p><img decoding=\"async\" src=\"https:\/\/www.syri.net\/uploads\/syri.net\/images\/2024\/April\/22\/auto_2872b561-1d7b-4dd6-aea8-a46bd6cd9f911713768579.jfif\" alt=\"Image\" data-pin-no-hover=\"true\" \/><\/p>\n<p>N\u00eb reportazh thuhet se Shqip\u00ebria renditet nga Transparency International si nj\u00eb nga vendet m\u00eb t\u00eb korruptuara n\u00eb Europ\u00eb. Nj\u00eb rekord i trisht\u00eb i mbajtur prej disa dekadash.\u00a0Gazetari kujton se vite m\u00eb par\u00eb, kur sapo kishte ardhur n\u00eb pushtet, kryeministri Edi Rama kishte em\u00ebruar si k\u00ebshilltar ish-prokurorin italian Francesco Mandoi q\u00eb p\u00ebr 20 vjet kishte qen\u00eb nj\u00eb pik\u00eb lidhjeje mes prokuroris\u00eb italiane t\u00eb anti-mafias dhe dhe prokuroris\u00eb shqiptare.<\/p>\n<p><img decoding=\"async\" src=\"https:\/\/www.syri.net\/uploads\/syri.net\/images\/2024\/April\/22\/auto_391d03d9-870f-4caa-8889-8ed640393bbf1713768592.jfif\" alt=\"Image\" data-pin-no-hover=\"true\" \/><\/p>\n<p>Nuk pati zhvillime t\u00eb m\u00ebdha t\u00eb ndonj\u00eb konsulence. K\u00ebshilltar n\u00eb letra, por nuk m\u00eb d\u00ebgjuan kurr\u00eb. Nuk m\u00eb telefonuan kurr\u00eb edhe pse kishte shum\u00eb pun\u00eb p\u00ebr t\u00eb b\u00ebr\u00eb. An\u00ebtar\u00ebt e mafias shqiptare apo narkotrafikant\u00ebt kan\u00eb p\u00ebrfaq\u00ebsuesit e tyre brenda institucioneve dhe kan\u00eb mund\u00ebsi p\u00ebr t\u00eb kusht\u00ebzuar veprimet e qeveris\u00eb\u201d, thot\u00eb Mandoi.<\/p>\n<p>&nbsp;<\/p>\n","protected":false},"excerpt":{"rendered":"<p>Enton DO\u00c7I Lyon N\u00eb emisionin investigativ \u201cReport\u201d t\u00eb RAI 3 u trajtua mbr\u00ebmjen e kaluar marr\u00ebveshja mes Shqip\u00ebris\u00eb dhe Italis\u00eb p\u00ebr \u00e7\u00ebshtjen e emigrant\u00ebve. Por gazetari Giorgio Mottola ka shkuar edhe m\u00eb tej duke u ndalur n\u00eb luft\u00ebn ndaj korrupsionit dhe krimit t\u00eb organizuar. Ai \u00ebsht\u00eb ndalur edhe tek akuzat q\u00eb i jan\u00eb b\u00ebr\u00eb Olsi &hellip;<\/p>\n","protected":false},"author":4,"featured_media":77235,"comment_status":"closed","ping_status":"closed","sticky":false,"template":"","format":"standard","meta":{"footnotes":""},"categories":[37],"tags":[],"class_list":["post-77234","post","type-post","status-publish","format-standard","has-post-thumbnail","","category-politike"],"_links":{"self":[{"href":"https:\/\/rdnews.al\/index.php\/wp-json\/wp\/v2\/posts\/77234","targetHints":{"allow":["GET"]}}],"collection":[{"href":"https:\/\/rdnews.al\/index.php\/wp-json\/wp\/v2\/posts"}],"about":[{"href":"https:\/\/rdnews.al\/index.php\/wp-json\/wp\/v2\/types\/post"}],"author":[{"embeddable":true,"href":"https:\/\/rdnews.al\/index.php\/wp-json\/wp\/v2\/users\/4"}],"replies":[{"embeddable":true,"href":"https:\/\/rdnews.al\/index.php\/wp-json\/wp\/v2\/comments?post=77234"}],"version-history":[{"count":0,"href":"https:\/\/rdnews.al\/index.php\/wp-json\/wp\/v2\/posts\/77234\/revisions"}],"wp:featuredmedia":[{"embeddable":true,"href":"https:\/\/rdnews.al\/index.php\/wp-json\/wp\/v2\/media\/77235"}],"wp:attachment":[{"href":"https:\/\/rdnews.al\/index.php\/wp-json\/wp\/v2\/media?parent=77234"}],"wp:term":[{"taxonomy":"category","embeddable":true,"href":"https:\/\/rdnews.al\/index.php\/wp-json\/wp\/v2\/categories?post=77234"},{"taxonomy":"post_tag","embeddable":true,"href":"https:\/\/rdnews.al\/index.php\/wp-json\/wp\/v2\/tags?post=77234"}],"curies":[{"name":"wp","href":"https:\/\/api.w.org\/{rel}","templated":true}]}}