{"id":77685,"date":"2024-04-26T08:41:38","date_gmt":"2024-04-26T08:41:38","guid":{"rendered":"https:\/\/rdnews.al\/?p=77685"},"modified":"2024-04-26T08:41:38","modified_gmt":"2024-04-26T08:41:38","slug":"regjimi-ne-panik-nga-protesta-kamikazet-e-balles-arrestojne-kreun-e-frpd-rrogozhine","status":"publish","type":"post","link":"https:\/\/rdnews.al\/index.php\/2024\/04\/26\/regjimi-ne-panik-nga-protesta-kamikazet-e-balles-arrestojne-kreun-e-frpd-rrogozhine\/","title":{"rendered":"Regjimi n\u00eb panik nga protesta! Kamikaz\u00ebt e Ball\u00ebs arrestojn\u00eb kreun e FRPD Rrogozhin\u00eb!"},"content":{"rendered":"<p>Pak para nisjes s\u00eb protest\u00ebs p\u00ebrpara Bashkis\u00eb s\u00eb Tiran\u00ebs, kreu i FRPD, Besart Xhaferri njoftoi se policia ka arrestuar kreun e FRPD n\u00eb Rrogozhin\u00eb.<\/p>\n<p>Xhaferri tha se q\u00ebllimi \u00ebsht\u00eb q\u00eb ai t\u00eb mos lejohet t\u00eb marr\u00eb pjes\u00eb n\u00eb protest\u00ebn e Tiran\u00ebs.<\/p>\n<p><strong>Reagimi<\/strong><\/p>\n<p>Eljon Kaja, kreu i FRPD Rrogozhin\u00eb, \u00ebsht\u00eb arrestuar nga Policia e Taulant Ball\u00ebs k\u00ebt\u00eb t\u00eb premte me q\u00ebllimin e vet\u00ebm p\u00ebr t\u00eb mos e lejuar at\u00eb dhe mb\u00ebshtet\u00ebsit e tij t\u00eb mos marrin pjes\u00eb n\u00eb protest\u00ebn kund\u00ebr Erion Veliajt Kryehajdutit t\u00eb Tiran\u00ebs.<\/p>\n<p>I b\u00ebj thirrje urgjente Taulant Ball\u00ebs t\u00eb lirojn\u00eb urgjentisht Eljon Kaj\u00ebn dhe t\u00eb mos provokoj\u00eb m\u00eb demokrat\u00ebt dhe qytetar\u00ebt shqiptar\u00eb q\u00eb kan\u00eb zgjedhur t\u00eb protestojn\u00eb.<\/p>\n<p>T&#8217;i jepet fund k\u00ebtyre arrestimeve t\u00eb paligjshme menj\u00ebher\u00eb dhe t\u00eb jeni t\u00eb sigurt se do p\u00ebrballeni me pasojat ligjore t\u00eb k\u00ebtyre veprimeve antiligjore.<\/p>\n<p>K\u00ebto akte tipike naziste nuk do na stepin pasi sot do jemi t\u00eb gjith\u00eb n\u00eb shesh n\u00eb p\u00ebrballje me narkopolicin\u00eb dhe narkobashkin\u00eb simbol i korrupsionit perversitetit dhe surrogacis\u00eb!<\/p>\n","protected":false},"excerpt":{"rendered":"<p>Pak para nisjes s\u00eb protest\u00ebs p\u00ebrpara Bashkis\u00eb s\u00eb Tiran\u00ebs, kreu i FRPD, Besart Xhaferri njoftoi se policia ka arrestuar kreun e FRPD n\u00eb Rrogozhin\u00eb. Xhaferri tha se q\u00ebllimi \u00ebsht\u00eb q\u00eb ai t\u00eb mos lejohet t\u00eb marr\u00eb pjes\u00eb n\u00eb protest\u00ebn e Tiran\u00ebs. Reagimi Eljon Kaja, kreu i FRPD Rrogozhin\u00eb, \u00ebsht\u00eb arrestuar nga Policia e Taulant Ball\u00ebs &hellip;<\/p>\n","protected":false},"author":4,"featured_media":77686,"comment_status":"closed","ping_status":"closed","sticky":false,"template":"","format":"standard","meta":{"footnotes":""},"categories":[37],"tags":[],"class_list":["post-77685","post","type-post","status-publish","format-standard","has-post-thumbnail","","category-politike"],"_links":{"self":[{"href":"https:\/\/rdnews.al\/index.php\/wp-json\/wp\/v2\/posts\/77685","targetHints":{"allow":["GET"]}}],"collection":[{"href":"https:\/\/rdnews.al\/index.php\/wp-json\/wp\/v2\/posts"}],"about":[{"href":"https:\/\/rdnews.al\/index.php\/wp-json\/wp\/v2\/types\/post"}],"author":[{"embeddable":true,"href":"https:\/\/rdnews.al\/index.php\/wp-json\/wp\/v2\/users\/4"}],"replies":[{"embeddable":true,"href":"https:\/\/rdnews.al\/index.php\/wp-json\/wp\/v2\/comments?post=77685"}],"version-history":[{"count":0,"href":"https:\/\/rdnews.al\/index.php\/wp-json\/wp\/v2\/posts\/77685\/revisions"}],"wp:featuredmedia":[{"embeddable":true,"href":"https:\/\/rdnews.al\/index.php\/wp-json\/wp\/v2\/media\/77686"}],"wp:attachment":[{"href":"https:\/\/rdnews.al\/index.php\/wp-json\/wp\/v2\/media?parent=77685"}],"wp:term":[{"taxonomy":"category","embeddable":true,"href":"https:\/\/rdnews.al\/index.php\/wp-json\/wp\/v2\/categories?post=77685"},{"taxonomy":"post_tag","embeddable":true,"href":"https:\/\/rdnews.al\/index.php\/wp-json\/wp\/v2\/tags?post=77685"}],"curies":[{"name":"wp","href":"https:\/\/api.w.org\/{rel}","templated":true}]}}