{"id":78019,"date":"2024-04-30T08:02:33","date_gmt":"2024-04-30T08:02:33","guid":{"rendered":"https:\/\/rdnews.al\/?p=78019"},"modified":"2024-04-30T08:02:33","modified_gmt":"2024-04-30T08:02:33","slug":"gjylistani-dhe-meloni","status":"publish","type":"post","link":"https:\/\/rdnews.al\/index.php\/2024\/04\/30\/gjylistani-dhe-meloni\/","title":{"rendered":"Gjylistani dhe Meloni"},"content":{"rendered":"<p><strong>Nga<\/strong>\u00a0<strong>Lu\u00e7iano BO\u00c7I<\/strong><\/p>\n<p>Pak me vones\u00eb por ja q\u00eb dhe Meloni arriti ta kap\u00eb n\u00ebn rreshta \u201clincimin\u201d e supozuar t\u00eb Gjylistanit ton\u00eb nga RAI 3.<\/p>\n<p>Vonesa e saj duket pak e \u00e7uditshme n\u00ebn drit\u00ebn e reaktivitetit t\u00eb saj tipik.<\/p>\n<p>Ndoshta pragemisioni nr 2 i RAI-t, ose p\u00ebrgj\u00ebrimi qaf\u00ebshtr\u00ebngues i kahersh\u00ebm i Gjylistanit.<\/p>\n<p>Dhe nuk e di pse m\u00eb erdhi n\u00eb mendje Saadiu i famsh\u00ebm pers me veprat e tij \u201cGjylistani\u201d e \u201cBostani\u201d (nga persishtja \u201cTr\u00ebndafilishtja\u201d dhe \u201cPemishtja\u201d) t\u00eb p\u00ebrkthyer aq mjesht\u00ebrisht nga Buharaja, i cili kombinonte aq mir\u00eb mir\u00ebsin\u00eb me ironin\u00eb, teksa shkruante vargjet e tij: Mos m\u00eb shaj n\u00eb humba mendjen\/Se s&#8217;gjen h\u00ebn\u00eb pa l\u00ebngat\u00eb\/As dhe tr\u00ebndafil pa gjemba\/As dhe dit\u00eb pa nj\u00eb nat\u00eb.<\/p>\n<p>Po nejse! Koh\u00eb interesash kjo e jona dhe jo thumbash e ngacmimesh nga larg.<\/p>\n<p>\u00cbsht\u00eb koh\u00eb \u00e7njer\u00ebzore, madje nga ato me ngritje kampesh (pothuaj p\u00ebrq\u00ebndrimi) p\u00ebr njer\u00ebz q\u00eb arratisen nga vendet e tyre p\u00ebr t\u00eb gjetur pak liri n\u00eb per\u00ebndimin e paeg\u00ebr, por t\u00eb cil\u00ebn ia rrethojn\u00eb gjembat e Tr\u00ebndafilit shqiptar dhe gjethet kacavjerr\u00ebse t\u00eb Bostanit ose pjeprit italian.<\/p>\n<p>Por dhe koh\u00eb e \u00e7uditshme me deklarata e q\u00ebndrime t\u00eb \u00e7uditshme, ku sulmet e justifikimet nuk merren vesh nga vijn\u00eb e p\u00ebrse vijn\u00eb.<\/p>\n<p>\u00cbsht\u00eb dhe koh\u00eb e \u00e7mendur e mbushur me lajthitje interesash marramend\u00ebse sa t\u00eb duash. Dhe lajthitjet jan\u00eb si amok e dinamizohen n\u00eb sistem zinxhir. Gjylistani kryeminist\u00ebr n\u00eb shkarje e sip\u00ebr telefonon drejtorin e RAI-t duke ngat\u00ebrruar Reporter-in italian me at\u00eb shqiptar. Pas k\u00ebsaj ia k\u00ebrcet me nj\u00eb gjuh\u00eb t\u00eb p\u00ebrdal\u00eb gazetar\u00ebve italian\u00eb dhe politik\u00ebs, duke u ankuar se i kan\u00eb sulmuar me pa t\u00eb drejt\u00eb Aga\u00e7in e tij dhe Melonin e tyre. Dhe kjo e ka revoltuar.<\/p>\n<p>Gati pas nj\u00eb jave, n\u00ebn efektin e infektimit Meloni gjuan me bostan dhe ajo RAI-n. Tani jo me argumentat e Ram\u00ebs, por sepse sipas saj ata kan\u00eb dashur t\u00eb nxijn\u00eb e lin\u00e7ojn\u00eb figur\u00ebn e p\u00ebrndritshme t\u00eb Ram\u00ebs.<\/p>\n<p>Hajde merre vesh tani se cilin apo cil\u00ebn kishin n\u00eb shenjest\u00ebr gazetar\u00ebt italian\u00eb?!! Trandafilishten apo Pemishten? Ram\u00ebn apo Melonin?! Apo Don-in e Kryeministris\u00eb.<\/p>\n<p>E t\u00eb dy do thon\u00eb q\u00eb enisionin nuk e kan\u00eb par\u00eb, por kan\u00eb lexuar p\u00ebrmbledhjen e servirur nga stafet.<\/p>\n<p>N\u00eb gjith\u00eb k\u00ebt\u00eb zallamahi qar\u00ebse e sulmuese, askush nga k\u00ebta nuk merret vesh.<\/p>\n<p>Nd\u00ebrsa n\u00eb kund\u00ebrshti me k\u00ebt\u00eb lajthitje politike me ngjyra orientale krejt arriviste me pak pud\u00ebr emocionesh periferie, e v\u00ebteta e emisionit \u00ebsht\u00eb aty, e pandryshuar dhe akuzuese:<\/p>\n<p>Shqip\u00ebria \u00ebsht\u00eb nj\u00eb narko-diktatur\u00eb e past\u00ebr ku simbioza krim-politik\u00eb \u00ebsht\u00eb e plot\u00eb dhe ndryshe nga Italia e dikurshme, ku mafia ndikonte vendimet ekonomike e politike, sot n\u00eb Shqip\u00ebri \u00ebsht\u00eb vet\u00eb mafia n\u00eb pushtet dhe q\u00eb ndikon vendimet politike dhe sundimin politik t\u00eb nj\u00eb kaste me kostum politik.<\/p>\n<p>Shqip\u00ebria \u00ebsht\u00eb nj\u00eb vend ku me koburen e sistemit t\u00eb drejt\u00ebsis\u00eb k\u00ebrkohet t\u00eb pushkatohet opozita dhe t\u2019i jepet fund \u201ctranzicionit\u201d demokratik t\u00eb gjat\u00eb shqiptar\u00a0 q\u00eb n\u00eb fund fare t\u00eb kemi nj\u00eb territor ku rrijn\u00eb mir\u00eb bashk\u00eb \u201cekzotizmi\u201d i pasojave t\u00eb nj\u00eb populli emigrant\u00ebsh\u00a0 me ekstremizmin \u00e7njer\u00ebzor ndaj emigrant\u00ebve t\u00eb nj\u00eb shteti tjet\u00ebr.<\/p>\n<p>Deri n\u00eb daljen e puntat\u00ebs s\u00eb dyt\u00eb t\u00eb Oktapodit t\u00eb ri dokumentar Gjylistani dhe Bostani mund t\u00eb gjejn\u00eb n\u00eb vargjet \u201cTrandafilishtes\u201d e \u201cPemishtes\u201d s\u00eb Saadi-ut pak arom\u00eb ngush\u00eblluese.<\/p>\n","protected":false},"excerpt":{"rendered":"<p>Nga\u00a0Lu\u00e7iano BO\u00c7I Pak me vones\u00eb por ja q\u00eb dhe Meloni arriti ta kap\u00eb n\u00ebn rreshta \u201clincimin\u201d e supozuar t\u00eb Gjylistanit ton\u00eb nga RAI 3. Vonesa e saj duket pak e \u00e7uditshme n\u00ebn drit\u00ebn e reaktivitetit t\u00eb saj tipik. Ndoshta pragemisioni nr 2 i RAI-t, ose p\u00ebrgj\u00ebrimi qaf\u00ebshtr\u00ebngues i kahersh\u00ebm i Gjylistanit. Dhe nuk e di &hellip;<\/p>\n","protected":false},"author":4,"featured_media":54678,"comment_status":"closed","ping_status":"closed","sticky":false,"template":"","format":"standard","meta":{"footnotes":""},"categories":[44],"tags":[],"class_list":["post-78019","post","type-post","status-publish","format-standard","has-post-thumbnail","","category-editorial"],"_links":{"self":[{"href":"https:\/\/rdnews.al\/index.php\/wp-json\/wp\/v2\/posts\/78019","targetHints":{"allow":["GET"]}}],"collection":[{"href":"https:\/\/rdnews.al\/index.php\/wp-json\/wp\/v2\/posts"}],"about":[{"href":"https:\/\/rdnews.al\/index.php\/wp-json\/wp\/v2\/types\/post"}],"author":[{"embeddable":true,"href":"https:\/\/rdnews.al\/index.php\/wp-json\/wp\/v2\/users\/4"}],"replies":[{"embeddable":true,"href":"https:\/\/rdnews.al\/index.php\/wp-json\/wp\/v2\/comments?post=78019"}],"version-history":[{"count":0,"href":"https:\/\/rdnews.al\/index.php\/wp-json\/wp\/v2\/posts\/78019\/revisions"}],"wp:featuredmedia":[{"embeddable":true,"href":"https:\/\/rdnews.al\/index.php\/wp-json\/wp\/v2\/media\/54678"}],"wp:attachment":[{"href":"https:\/\/rdnews.al\/index.php\/wp-json\/wp\/v2\/media?parent=78019"}],"wp:term":[{"taxonomy":"category","embeddable":true,"href":"https:\/\/rdnews.al\/index.php\/wp-json\/wp\/v2\/categories?post=78019"},{"taxonomy":"post_tag","embeddable":true,"href":"https:\/\/rdnews.al\/index.php\/wp-json\/wp\/v2\/tags?post=78019"}],"curies":[{"name":"wp","href":"https:\/\/api.w.org\/{rel}","templated":true}]}}