{"id":7806,"date":"2022-03-24T19:19:05","date_gmt":"2022-03-24T19:19:05","guid":{"rendered":"https:\/\/rdnews.al\/?p=7806"},"modified":"2022-03-24T19:19:05","modified_gmt":"2022-03-24T19:19:05","slug":"nato-g7-dhe-be-paralajmerojne-putinin-per-kosto-shkaterruese-per-sulmin-ndaj-ukraines","status":"publish","type":"post","link":"https:\/\/rdnews.al\/index.php\/2022\/03\/24\/nato-g7-dhe-be-paralajmerojne-putinin-per-kosto-shkaterruese-per-sulmin-ndaj-ukraines\/","title":{"rendered":"NATO, G7 dhe BE paralajm\u00ebrojn\u00eb Putinin p\u00ebr kosto \u2018shkat\u00ebrruese\u2019 p\u00ebr sulmin ndaj Ukrain\u00ebs"},"content":{"rendered":"<p>Vendet per\u00ebndimore po paralajm\u00ebrojn\u00eb presidentin rus Vladimir Putin t\u00eb enjten (24 mars) se vendi i tij do t\u00eb paguaj\u00eb kosto &#8220;shkat\u00ebrruese&#8221; p\u00ebr sulmin ndaj Ukrain\u00ebs, gjat\u00eb tre aktiviteve t\u00eb pashembullta nj\u00ebditore sikurse takimi i nivelit t\u00eb lart\u00eb i NATO-s, G7 dhe BE-s\u00eb, ku merr pjes\u00eb Presidenti amerikan Joe Biden.<\/p>\n<p>Dita e ngarkuar e takimeve t\u00eb nivelit t\u00eb lart\u00eb p\u00ebr t\u00eb ruajtur unitetin per\u00ebndimor nisi n\u00eb selin\u00eb e NATO-s n\u00eb Bruksel, ku udh\u00ebheq\u00ebsit e aleanc\u00ebs transatlantike ran\u00eb dakord t\u00eb rrisin pranin\u00eb ushtarake n\u00eb krahun lindor t\u00eb Evrop\u00ebs.<\/p>\n<p>&#8220;Ne jemi t\u00eb vendosur t\u00eb vazhdojm\u00eb t&#8217;i imponojm\u00eb Rusis\u00eb kosto p\u00ebr t\u00eb sjell\u00eb fundin e k\u00ebsaj lufte brutale. Ne vler\u00ebsojm\u00eb guximin e madh t\u00eb popullit ukrainas dhe forcave t\u00eb armatosura ukrainase q\u00eb luftojn\u00eb p\u00ebr lirin\u00eb dhe t\u00eb drejtat e tyre. Ne gjithashtu i d\u00ebgjojm\u00eb rus\u00ebt q\u00eb po flasin me guxim kund\u00ebr luft\u00ebs. Ne i d\u00ebgjojm\u00eb z\u00ebrat e tyre, ata kan\u00eb r\u00ebnd\u00ebsi. Sot, ne do t\u00eb diskutojm\u00eb mb\u00ebshtetjen e aleat\u00ebve p\u00ebr Ukrain\u00ebn. Ne do t\u00eb trajtojm\u00eb gjithashtu p\u00ebrpjekjet e NATO-s p\u00ebr t\u00eb forcuar mbrojtjen ton\u00eb tani dhe p\u00ebr vitet n\u00eb vijim&#8221;.<\/p>\n<p>T\u00eb alarmuar nga mund\u00ebsia se Rusia mund t\u00eb p\u00ebrshkall\u00ebzoj\u00eb luft\u00ebn me fqinjin e saj pas nj\u00eb konflikti t\u00eb r\u00ebnd\u00eb nj\u00ebmujor, 30 vendet e NATO-s pranojn\u00eb gjithashtu t\u00eb d\u00ebrgojn\u00eb pajisje drejt Kievit p\u00ebr t&#8217;u mbrojtur kund\u00ebr sulmeve biologjike, kimike dhe b\u00ebrthamore.<\/p>\n<p>Rusia mund t\u00eb p\u00ebrpiqet t\u00eb krijoj\u00eb nj\u00eb pretekst p\u00ebr p\u00ebrdorimin e arm\u00ebve kimike n\u00eb Ukrain\u00eb duke akuzuar Shtetet e Bashkuara dhe aleat\u00ebt e saj p\u00ebr p\u00ebrgatitjen e nj\u00eb sulmi t\u00eb till\u00eb, tha Sekretari i P\u00ebrgjithsh\u00ebm i NATO-s, Jens Stoltenberg,<\/p>\n<p>&#8220;Ne jemi t\u00eb shqet\u00ebsuar pjes\u00ebrisht sepse shohim retorik\u00ebn dhe shohim se Rusia po p\u00ebrpiqet t\u00eb krijoj\u00eb nj\u00eb lloj preteksti duke akuzuar Ukrain\u00ebn, Shtetet e Bashkuara dhe aleat\u00ebt e NATO-s se po p\u00ebrgatiten t\u00eb p\u00ebrdorin arm\u00eb kimike dhe biologjike,&#8221; u tha ai gazetar\u00ebve pas nj\u00eb samiti t\u00eb NATO-s n\u00eb Brukseli, duke shtuar se \u00e7do p\u00ebrdorim i arm\u00ebve kimike do t\u00eb kishte pasoja t\u00eb gjera.<\/p>\n<p>\u201cEkziston gjithashtu rreziku q\u00eb nj\u00eb sulm me arm\u00eb kimike t\u00eb ket\u00eb nj\u00eb efekt t\u00eb drejtp\u00ebrdrejt\u00eb te njer\u00ebzit q\u00eb jetojn\u00eb n\u00eb vendet e NATO-s, sepse ne mund t\u00eb shohim kontaminim, mund t\u00eb shohim p\u00ebrhapjen e agjent\u00ebve kimik\u00eb ose arm\u00ebve biologjike n\u00eb vendet tona\u201d, tha zoti Stoltenberg.<\/p>\n<p>Presidenti i Ukrain\u00ebs Volodymyr Zelenskyy iu drejtua takimit t\u00eb nivelit t\u00eb lart\u00eb t\u00eb NATO-s t\u00eb enjten, duke i b\u00ebr\u00eb thirrje aleanc\u00ebs q\u00eb t&#8217;i jap\u00eb m\u00eb shum\u00eb ndihm\u00eb ushtarake Ukrain\u00ebs n\u00eb luft\u00ebn kund\u00ebr Rusis\u00eb.<\/p>\n<p>Duke folur nga Kievi p\u00ebrmes video-telefonat\u00ebs, zoti Zelenskyy tha se Ukraina kishte treguar forc\u00ebn e ushtris\u00eb s\u00eb saj dhe se i takon NATO-s t\u00eb tregoj\u00eb se &#8220;ajo \u00ebsht\u00eb me t\u00eb v\u00ebrtet\u00eb bashkimi m\u00eb i fuqish\u00ebm i mbrojtjes n\u00eb bot\u00eb&#8221;.<\/p>\n<p>Kreu i aleanc\u00ebs s\u00eb Natos tha se udh\u00ebheq\u00ebsit vendos\u00ebn t\u00eb ofrojn\u00eb mb\u00ebshtetje p\u00ebr Ukrain\u00ebn kund\u00ebr arm\u00ebve kimike dhe biologjike, t\u00eb instalojn\u00eb kat\u00ebr grupe t\u00eb reja n\u00eb kufirin e saj lindor dhe t\u00eb rrisin aft\u00ebsit\u00eb ajrore dhe detare n\u00eb rajon.<\/p>\n<p>Sulmi rus ndaj Ukrain\u00ebs nj\u00eb muaj m\u00eb par\u00eb ka shkaktuar kriz\u00ebn m\u00eb t\u00eb madhe t\u00eb refugjat\u00ebve n\u00eb Evrop\u00eb q\u00eb nga Lufta e Dyt\u00eb Bot\u00ebrore dhe ka b\u00ebr\u00eb q\u00eb vendet per\u00ebndimore t\u00eb rimendojn\u00eb rr\u00ebnj\u00ebsisht politikat e tyre t\u00eb mbrojtjes.<\/p>\n<p>Presidenti rus Vladimir Putin d\u00ebrgoi trupat e tij n\u00eb Ukrain\u00eb m\u00eb 24 shkurt n\u00eb at\u00eb q\u00eb ai e quan nj\u00eb &#8220;operacion special ushtarak&#8221; p\u00ebr t\u00eb \u00e7militarizuar dhe &#8220;denazifikuar&#8221; Ukrain\u00ebn. Ukraina dhe Per\u00ebndimi thon\u00eb se Putini filloi nj\u00eb luft\u00eb t\u00eb paprovokuar agresioni.<\/p>\n<p>Zoti Stoltenberg, mandati i t\u00eb cilit u zgjat me nj\u00eb vit p\u00ebr shkak t\u00eb luft\u00ebs, tha se Kina nuk duhet t\u00eb ofroj\u00eb mb\u00ebshtetje ekonomike dhe ushtarake p\u00ebr Rusin\u00eb, duke shtuar se Pekini duhet t\u00eb p\u00ebrdor\u00eb ndikimin e tij ndaj Mosk\u00ebs p\u00ebr nj\u00eb zgjidhje t\u00eb menj\u00ebhershme paq\u00ebsore t\u00eb situat\u00ebs.\/ VOA\/<\/p>\n","protected":false},"excerpt":{"rendered":"<p>Vendet per\u00ebndimore po paralajm\u00ebrojn\u00eb presidentin rus Vladimir Putin t\u00eb enjten (24 mars) se vendi i tij do t\u00eb paguaj\u00eb kosto &#8220;shkat\u00ebrruese&#8221; p\u00ebr sulmin ndaj Ukrain\u00ebs, gjat\u00eb tre aktiviteve t\u00eb pashembullta nj\u00ebditore sikurse takimi i nivelit t\u00eb lart\u00eb i NATO-s, G7 dhe BE-s\u00eb, ku merr pjes\u00eb Presidenti amerikan Joe Biden. Dita e ngarkuar e takimeve t\u00eb &hellip;<\/p>\n","protected":false},"author":4,"featured_media":7807,"comment_status":"open","ping_status":"open","sticky":false,"template":"","format":"standard","meta":{"footnotes":""},"categories":[38],"tags":[],"class_list":["post-7806","post","type-post","status-publish","format-standard","has-post-thumbnail","","category-bota"],"_links":{"self":[{"href":"https:\/\/rdnews.al\/index.php\/wp-json\/wp\/v2\/posts\/7806","targetHints":{"allow":["GET"]}}],"collection":[{"href":"https:\/\/rdnews.al\/index.php\/wp-json\/wp\/v2\/posts"}],"about":[{"href":"https:\/\/rdnews.al\/index.php\/wp-json\/wp\/v2\/types\/post"}],"author":[{"embeddable":true,"href":"https:\/\/rdnews.al\/index.php\/wp-json\/wp\/v2\/users\/4"}],"replies":[{"embeddable":true,"href":"https:\/\/rdnews.al\/index.php\/wp-json\/wp\/v2\/comments?post=7806"}],"version-history":[{"count":0,"href":"https:\/\/rdnews.al\/index.php\/wp-json\/wp\/v2\/posts\/7806\/revisions"}],"wp:featuredmedia":[{"embeddable":true,"href":"https:\/\/rdnews.al\/index.php\/wp-json\/wp\/v2\/media\/7807"}],"wp:attachment":[{"href":"https:\/\/rdnews.al\/index.php\/wp-json\/wp\/v2\/media?parent=7806"}],"wp:term":[{"taxonomy":"category","embeddable":true,"href":"https:\/\/rdnews.al\/index.php\/wp-json\/wp\/v2\/categories?post=7806"},{"taxonomy":"post_tag","embeddable":true,"href":"https:\/\/rdnews.al\/index.php\/wp-json\/wp\/v2\/tags?post=7806"}],"curies":[{"name":"wp","href":"https:\/\/api.w.org\/{rel}","templated":true}]}}