{"id":78178,"date":"2024-05-01T07:52:30","date_gmt":"2024-05-01T07:52:30","guid":{"rendered":"https:\/\/rdnews.al\/?p=78178"},"modified":"2024-05-01T08:59:40","modified_gmt":"2024-05-01T08:59:40","slug":"media-greke-belinda-balluku-ben-feste-me-50-mln-eurot-qe-i-ka-borxh-kompanise-actor","status":"publish","type":"post","link":"https:\/\/rdnews.al\/index.php\/2024\/05\/01\/media-greke-belinda-balluku-ben-feste-me-50-mln-eurot-qe-i-ka-borxh-kompanise-actor\/","title":{"rendered":"Media greke: Belinda Balluku b\u00ebn \u201cfest\u00eb\u201d me miliona eurot q\u00eb i ka borxh&#8230;"},"content":{"rendered":"<p>Media greke i ka kushtuar nj\u00eb artikull ngritjes n\u00eb detyr\u00eb t\u00eb z\u00ebvend\u00ebskryeministres, Belinda Ballukut dhe bashk\u00ebpun\u00ebtor\u00ebve t\u00eb saj, si\u00e7 \u00ebsht\u00eb rasti i Evis Berberit, q\u00eb ndodhet pas hekurave p\u00ebr shp\u00ebrdorim detyre.<\/p>\n<p>Po ashtu shtrohen nj\u00eb seri me pyetje se pse ende nuk zbatohet vendimi i gjykat\u00ebs franceze q\u00eb shteti shqiptar t\u2019i paguaj 50 milion\u00eb euro kompanis\u00eb greke \u201cActor\u201d.<\/p>\n<p><strong>ARTIKULLI<\/strong><\/p>\n<p>Emri Belinda Balluku mund t\u00eb mos jet\u00eb shum\u00eb i njohur p\u00ebr ju, por n\u00eb Shqip\u00ebri do t\u00eb thot\u00eb shum\u00eb. Emri i ministres s\u00eb Infrastruktur\u00ebs dhe zv\/kryeministres Edi Rama p\u00ebrb\u00ebn nj\u00eb \u00e7arje n\u00eb ng\u00ebr\u00e7in e Shqip\u00ebris\u00eb. M\u00eb 13 mars, SPAK, Gjykata kund\u00ebr Korrupsionit, arrestoi Evis Berberin, kreun e Autoritetit Rrugor Shqiptar dhe nj\u00eb nga bashk\u00ebpun\u00ebtor\u00ebt m\u00eb t\u00eb besuar t\u00eb ministres s\u00eb Infrastruktur\u00ebs dhe Energjis\u00eb dhe zv\/kryeministres, Belinda Balluku. Akuza kishte t\u00eb b\u00ebnte me projektet e nd\u00ebrtimit dhe konkurset luksoze, t\u00eb cilat po fitoheshin nga t\u00eb zgjedhurit e Edi Ram\u00ebs. Sipas mediave shqiptare, pas nj\u00eb bastisjeje t\u00eb policis\u00eb, SPAK, Gjykata Kund\u00ebr Korrupsionit, arrestoi Evis Berberin, kreun e Autoritetit Rrugor Shqiptar.<img loading=\"lazy\" decoding=\"async\" src=\"https:\/\/ads.balkanweb.com\/www\/delivery\/lg.php?bannerid=0&amp;campaignid=0&amp;zoneid=629&amp;loc=https%3A%2F%2Fwww.balkanweb.com%2Fdikur-punonjese-shtepiake-ne-greqi-sot-zv-kryeministre-media-greke-akuza-belinda-ballukut-ben-feste-me-50-mln-eurot-qe-i-ka-borxh-kompanise-actor%2F&amp;referer=https%3A%2F%2Fwww.balkanweb.com%2Fkategoria%2Fshqiperia%2F&amp;cb=2618ccfca5\" alt=\"\" width=\"0\" height=\"0\" \/><\/p>\n<p>&nbsp;<\/p>\n<p>&nbsp;<\/p>\n<div class=\"galery-slider\">\n<ul class=\"slides\">\n<li class=\"flex-slider-item flex-active-slide\"><a href=\"https:\/\/www.balkanweb.com\/wp-content\/uploads\/2024\/05\/media-greke-1.jpg\" rel=\"lightbox noopener\" target=\"_blank\"><img decoding=\"async\" draggable=\"false\" src=\"https:\/\/www.balkanweb.com\/wp-content\/uploads\/2024\/05\/media-greke-1.jpg\" alt=\"foto galeri \" \/><\/a><\/li>\n<\/ul>\n<\/div>\n<p>Policia e arrestoi at\u00eb s\u00eb bashku me dy shok\u00eb biznesi (Valter Begaj dhe Ervis Lamajn), nd\u00ebrsa n\u00eb banes\u00ebn e tij u sekuestruan shuma t\u00eb m\u00ebdha parash dhe piktura me vler\u00eb qindra mij\u00ebra euro. Evis Berberi ishte krahu i djatht\u00eb i ministrit Balluku dhe ishte ai q\u00eb u fotografua pran\u00eb saj n\u00eb t\u00eb gjitha inspektimet dhe inaugurimet e projekteve t\u00eb m\u00ebdha rrugore. Sipas SPAK, Valter Begaj, pronar i kompanis\u00eb NET \u2013 GROUP, ka fituar 6 tender\u00eb publik\u00eb, parat\u00eb nga t\u00eb cilat i ka transferuar n\u00ebp\u00ebrmjet transaksioneve tek kompania DAAM. P\u00ebrfitimi duket se shkon n\u00eb 2.7 milion\u00eb euro.<\/p>\n<p>NET-GROUP fitoi k\u00ebto gara, parat\u00eb u transferuan p\u00ebrmes transaksioneve n\u00eb kompanin\u00eb DAAM. K\u00ebto veprime kan\u00eb ngritur dyshime p\u00ebr veprimtari pastrimi parash. Hetimi i SPAK raportohet se ka nisur jav\u00ebt e fundit, me fokus shitjen e DAAM. DAAM \u00ebsht\u00eb bler\u00eb nga Berberi me nj\u00eb \u00e7mim shum\u00eb t\u00eb ul\u00ebt, \u00ebsht\u00eb shitur shum\u00ebfish, nd\u00ebrsa pron\u00ebsia dhe menaxhimi ndryshon disa her\u00eb mes biznesmen\u00ebve. Ka dyshime p\u00ebr nj\u00eb transferim t\u00eb rrem\u00eb p\u00ebr t\u00eb shmangur konfliktin e interesit pasi Berberi ishte vendosur t\u00eb em\u00ebrohej k\u00ebshilltar n\u00eb Ministrin\u00eb e Infrastruktur\u00ebs dhe Energjis\u00eb. I gjith\u00eb skandali i m\u00ebsip\u00ebrm ka shkaktuar l\u00ebkundje \u2018tektonike\u2019 n\u00eb sken\u00ebn politike t\u00eb Shqip\u00ebris\u00eb.<br \/>\nShum\u00eb pik\u00ebpyetje ngre ngritja e bukuroshes dhe zv\/kryeministres Belinda Balluku, e cila para karrier\u00ebs s\u00eb saj t\u00eb re punonte n\u00eb Greqi si ndihm\u00ebse sht\u00ebpiake. Praktikisht, nj\u00eb ndihm\u00ebse sht\u00ebpiake u b\u00eb numri dy i qeveris\u00eb shqiptare dhe ministre e Infrastruktur\u00ebs dhe p\u00ebr k\u00ebt\u00eb arsye komandon pun\u00ebt publike t\u00eb vendit fqinj.<\/p>\n<p><strong>HISTORIA<\/strong><\/p>\n<p>Ka nj\u00eb proces gjyq\u00ebsor q\u00eb kompania e nd\u00ebrtimit \u2018Actor\u2019 ka fituar nga nj\u00eb gjykat\u00eb franceze, ndaj shtetit shqiptar, n\u00eb shum\u00ebn 50 milion\u00eb euro, p\u00ebr t\u00eb cil\u00ebn Ministria e Drejt\u00ebsis\u00eb dhe e Jashtme nuk kan\u00eb dh\u00ebn\u00eb drit\u00ebn jeshile p\u00ebr ta ekzekutuar. Dhe diku k\u00ebtu \u00ebsht\u00eb p\u00ebrfshir\u00eb Balluku, ku krahu i saj i djatht\u00eb u arrestua p\u00ebr pastrim parash, nd\u00ebrkoh\u00eb q\u00eb ajo u kishte k\u00ebrkuar shefave (t\u00eb vjet\u00ebrit e kompanis\u00eb s\u00eb nd\u00ebrtimit) t\u00eb shpejtonin nd\u00ebrtimin e projektit. Por kur punimet u b\u00ebn\u00eb, Balluku nuk i pagoi shumat.<\/p>\n<p>Me fjal\u00eb t\u00eb tjera, kompania \u2018Actor\u2019 b\u00ebri pun\u00ebn, shkoi n\u00eb gjyq, fitoi 50 milion\u00eb euro dhe e zgjedhura e Edi Ram\u00ebs \u2018fishk\u00ebllen\u2019 indiferente. Por ja ku nisin \u2018pyetjet\u2019 e nxehta:<\/p>\n<p>-Kush dhe pse nuk i jep drit\u00ebn jeshile zotit Exarchou t\u00eb kompanis\u00eb \u2018Actor\u2019 p\u00ebr t\u00eb ekzekutuar?<br \/>\n-\u00c7far\u00eb loj\u00ebrash luhen n\u00eb sfondin diplomatik q\u00eb pengojn\u00eb pages\u00ebn e shumave ndaj nj\u00eb kompanie greke q\u00eb ka fituar ligj\u00ebrisht?<br \/>\n-K\u00eb mbulon shteti shqiptar?<br \/>\n-\u00c7far\u00eb di Athina p\u00ebr k\u00ebto raste dhe \u00e7far\u00eb do t\u00eb b\u00ebj\u00eb? A do t\u00eb vazhdoj\u00eb \u2018t\u00eb f\u00ebrsh\u00ebllej\u00eb\u2019 indiferente?<\/p>\n","protected":false},"excerpt":{"rendered":"<p>Media greke i ka kushtuar nj\u00eb artikull ngritjes n\u00eb detyr\u00eb t\u00eb z\u00ebvend\u00ebskryeministres, Belinda Ballukut dhe bashk\u00ebpun\u00ebtor\u00ebve t\u00eb saj, si\u00e7 \u00ebsht\u00eb rasti i Evis Berberit, q\u00eb ndodhet pas hekurave p\u00ebr shp\u00ebrdorim detyre. Po ashtu shtrohen nj\u00eb seri me pyetje se pse ende nuk zbatohet vendimi i gjykat\u00ebs franceze q\u00eb shteti shqiptar t\u2019i paguaj 50 milion\u00eb euro &hellip;<\/p>\n","protected":false},"author":4,"featured_media":73756,"comment_status":"closed","ping_status":"closed","sticky":false,"template":"","format":"standard","meta":{"footnotes":""},"categories":[37],"tags":[],"class_list":["post-78178","post","type-post","status-publish","format-standard","has-post-thumbnail","","category-politike"],"_links":{"self":[{"href":"https:\/\/rdnews.al\/index.php\/wp-json\/wp\/v2\/posts\/78178","targetHints":{"allow":["GET"]}}],"collection":[{"href":"https:\/\/rdnews.al\/index.php\/wp-json\/wp\/v2\/posts"}],"about":[{"href":"https:\/\/rdnews.al\/index.php\/wp-json\/wp\/v2\/types\/post"}],"author":[{"embeddable":true,"href":"https:\/\/rdnews.al\/index.php\/wp-json\/wp\/v2\/users\/4"}],"replies":[{"embeddable":true,"href":"https:\/\/rdnews.al\/index.php\/wp-json\/wp\/v2\/comments?post=78178"}],"version-history":[{"count":0,"href":"https:\/\/rdnews.al\/index.php\/wp-json\/wp\/v2\/posts\/78178\/revisions"}],"wp:featuredmedia":[{"embeddable":true,"href":"https:\/\/rdnews.al\/index.php\/wp-json\/wp\/v2\/media\/73756"}],"wp:attachment":[{"href":"https:\/\/rdnews.al\/index.php\/wp-json\/wp\/v2\/media?parent=78178"}],"wp:term":[{"taxonomy":"category","embeddable":true,"href":"https:\/\/rdnews.al\/index.php\/wp-json\/wp\/v2\/categories?post=78178"},{"taxonomy":"post_tag","embeddable":true,"href":"https:\/\/rdnews.al\/index.php\/wp-json\/wp\/v2\/tags?post=78178"}],"curies":[{"name":"wp","href":"https:\/\/api.w.org\/{rel}","templated":true}]}}