{"id":78187,"date":"2024-05-01T09:22:26","date_gmt":"2024-05-01T09:22:26","guid":{"rendered":"https:\/\/rdnews.al\/?p=78187"},"modified":"2024-05-01T09:28:19","modified_gmt":"2024-05-01T09:28:19","slug":"spak-urdheroi-veliajn-te-paraqitej-ose-do-te-merrej-forcerisht","status":"publish","type":"post","link":"https:\/\/rdnews.al\/index.php\/2024\/05\/01\/spak-urdheroi-veliajn-te-paraqitej-ose-do-te-merrej-forcerisht\/","title":{"rendered":"SPAK urdh\u00ebroi Veliajn t\u00eb paraqitej ose do t\u00eb merrej forc\u00ebrisht"},"content":{"rendered":"<p>SPAK nxjerr zbuluar mashtruesin n\u00eb krye t\u00eb Bashkis\u00eb s\u00eb Tiran\u00ebs, Erion Veliaj. Gazetarja Klodiana Lala ka lexuar flet\u00eb-thirrjen q\u00eb i ka vajtur Erion Veliajt p\u00ebr t&#8217;u paraqitur n\u00eb SPAK, p\u00ebr t\u00eb dh\u00ebn\u00eb deklarime lidhur me afer\u00ebn e incenerator\u00ebve.<\/p>\n<p>Lala shpjegoi se flet\u00ebthirrja\u00a0\u00ebsht\u00eb nj\u00eb urdh\u00ebr i SPAK ndaj Veliajt dhe n\u00eb shkres\u00eb thuhet se n\u00eb rast se nuk paraqitej n\u00eb SPAK, do t\u00eb shoq\u00ebrohej forc\u00ebrisht.<\/p>\n<p>Kjo rr\u00ebzon pretendimin e Veliajt se ka vajtur n\u00eb SPAK vullnetarisht dhe se ka negociuar me prokuror\u00ebt lidhur me k\u00ebt\u00eb \u00e7\u00ebshtje. Kryebashkiaku ka qen\u00eb i urdh\u00ebruar p\u00ebr t&#8217;u paraqitur dhe ka vajtur si \u00e7do person tjet\u00ebr q\u00eb thirret nga prokurori.<\/p>\n<p>N\u00eb rastin konkret, Veliaj\u00a0\u00ebsht\u00eb thirrur nga prokurori Dritan Pren\u00e7i, nd\u00ebrsa\u00a0\u00ebsht\u00eb pyetur p\u00ebr shtat\u00eb or\u00eb nga dy OPGJ.<\/p>\n<p>Pas marrjes n\u00eb pyetje, Veliaj s\u00ebrish g\u00ebnjeu duke deklaruar se e ka k\u00ebrkuar ai vet\u00eb paraqitjen n\u00eb SPAK dhe i quajti prokuror\u00ebt &#8220;koleg\u00eb&#8221;.<\/p>\n<p>Vet\u00eb drejtuesi i SPAK, Altin Dumani, e rr\u00ebzoi k\u00ebt\u00eb pretendim duke deklaruar se Veliaj\u00a0\u00ebsht\u00eb thirrur nga prokuri.<\/p>\n<p>N\u00eb total Veliaj q\u00ebndroi n\u00eb SPAK rreth tet\u00eb or\u00eb, sepse u paraqit m\u00eb her\u00ebt, n\u00eb p\u00ebrpjeke p\u00ebr t\u00eb evituar protestuesit q\u00eb do t\u00eb mblidheshin. Megjithat\u00eb ai u la nj\u00eb or\u00eb n\u00eb korridor duke pritur OPGJ-t\u00eb.<\/p>\n<p><strong>Flet\u00eb-thirrja e Dritan Pren\u00e7it ndaj Veliajt:\u00a0<\/strong><\/p>\n<p>Prokuroria e Posa\u00e7me Kund\u00ebr Korrupsionit e Krimit t\u00eb Organizuar<\/p>\n<p>Urdh\u00ebr p\u00ebr thirrjen e shtetasit Erion Veliaj<\/p>\n<p>Tiran\u00eb, 24 prill 2024<\/p>\n<p>Un\u00eb, Dritan Pren\u00e7i, me detyr\u00eb prokuror n\u00eb Prokurorin\u00eb e Posa\u00e7me Kund\u00ebr Korrupsionit e Krimit t\u00eb Organizuar n\u00eb zbatim t\u00eb nenit 312 t\u00eb Kodit t\u00eb Procedur\u00ebs Penale p\u00ebr marrjen e t\u00eb dh\u00ebnave n\u00eb funksion t\u00eb hetimit t\u00eb procedimit penal num\u00ebr 255 viti 2020.<\/p>\n<p>Urdh\u00ebroj: Shtetasi Erion Luan Veliaj, i dit\u00eblindjes 17.12.1979, me detyr\u00eb kryetar i Bashkis\u00eb Tiran\u00eb, t\u00eb paraqitet n\u00eb Prokurorin\u00eb e Posa\u00e7me kund\u00ebr Korrupsionit dhe Krimit t\u00eb Organizuar, n\u00eb dat\u00ebn 30 prill 2024, dit\u00ebn e mart\u00eb, n\u00eb or\u00ebn 10:00, tek hetuesi A. S., p\u00ebr marrjen e t\u00eb dh\u00ebnave p\u00ebr rrethana t\u00eb dobishme n\u00eb funksion t\u00eb hetimit procedurial penal num\u00ebr 255, viti 2020 (me vete t\u00eb ket\u00eb dokument identifikimi).<\/p>\n<p>Paraqitja e shtetasit t\u00eb m\u00ebsip\u00ebrm k\u00ebrkohet me q\u00ebllim pyetjen e tij si person q\u00eb ka dijeni lidhur me rrethanat e hetimit, lidhur me hetimet paraprake procedimi penal 255, viti 2020.<\/p>\n<p>N\u00eb rast mosparaqitjeje, dit\u00ebn dhe or\u00ebn e caktuar, pa pasur pengesa t\u00eb ligjshme, paralajm\u00ebrohemi se n\u00eb baz\u00eb t\u00eb nenit 312\/2 t\u00eb Kodit t\u00eb Procedur\u00ebs Penale, do t\u00eb urdh\u00ebrohet shoq\u00ebrimi juaj i detyruesh\u00ebm nga Policia Gjyq\u00ebsore.<\/p>\n<p>Njoftimi i m\u00ebsip\u00ebrm t\u00eb kryhet me an\u00eb t\u00eb sh\u00ebrbimit postar n\u00eb adres\u00ebn e pun\u00ebs Bashkia Tiran\u00eb.<\/p>\n<p><em>Prokurori i \u00e7\u00ebshtjes, Dritan Pren\u00e7i<\/em><\/p>\n<p><img loading=\"lazy\" decoding=\"async\" class=\"\" src=\"https:\/\/media.tpz.al\/tpz.al\/media3\/-640-0-screenshot-2024-04-30-at-201917-364.png\" alt=\"Klodiana Lala nxjerr shkres\u00ebn, SPAK urdh\u00ebroi Veliajn t\u00eb\" width=\"611\" height=\"333\" data-size=\"x\" data-id=\"391114\" \/><\/p>\n<div class=\"insertion-box\">\n<div id=\"taboola\"><\/div>\n<\/div>\n<div class=\"c-flexy col2 \">\n<article class=\"a-card\">\n<div class=\"a-card_image\"><\/div>\n<\/article>\n<\/div>\n","protected":false},"excerpt":{"rendered":"<p>SPAK nxjerr zbuluar mashtruesin n\u00eb krye t\u00eb Bashkis\u00eb s\u00eb Tiran\u00ebs, Erion Veliaj. Gazetarja Klodiana Lala ka lexuar flet\u00eb-thirrjen q\u00eb i ka vajtur Erion Veliajt p\u00ebr t&#8217;u paraqitur n\u00eb SPAK, p\u00ebr t\u00eb dh\u00ebn\u00eb deklarime lidhur me afer\u00ebn e incenerator\u00ebve. Lala shpjegoi se flet\u00ebthirrja\u00a0\u00ebsht\u00eb nj\u00eb urdh\u00ebr i SPAK ndaj Veliajt dhe n\u00eb shkres\u00eb thuhet se n\u00eb rast &hellip;<\/p>\n","protected":false},"author":4,"featured_media":78188,"comment_status":"closed","ping_status":"closed","sticky":false,"template":"","format":"standard","meta":{"footnotes":""},"categories":[37],"tags":[],"class_list":["post-78187","post","type-post","status-publish","format-standard","has-post-thumbnail","","category-politike"],"_links":{"self":[{"href":"https:\/\/rdnews.al\/index.php\/wp-json\/wp\/v2\/posts\/78187","targetHints":{"allow":["GET"]}}],"collection":[{"href":"https:\/\/rdnews.al\/index.php\/wp-json\/wp\/v2\/posts"}],"about":[{"href":"https:\/\/rdnews.al\/index.php\/wp-json\/wp\/v2\/types\/post"}],"author":[{"embeddable":true,"href":"https:\/\/rdnews.al\/index.php\/wp-json\/wp\/v2\/users\/4"}],"replies":[{"embeddable":true,"href":"https:\/\/rdnews.al\/index.php\/wp-json\/wp\/v2\/comments?post=78187"}],"version-history":[{"count":0,"href":"https:\/\/rdnews.al\/index.php\/wp-json\/wp\/v2\/posts\/78187\/revisions"}],"wp:featuredmedia":[{"embeddable":true,"href":"https:\/\/rdnews.al\/index.php\/wp-json\/wp\/v2\/media\/78188"}],"wp:attachment":[{"href":"https:\/\/rdnews.al\/index.php\/wp-json\/wp\/v2\/media?parent=78187"}],"wp:term":[{"taxonomy":"category","embeddable":true,"href":"https:\/\/rdnews.al\/index.php\/wp-json\/wp\/v2\/categories?post=78187"},{"taxonomy":"post_tag","embeddable":true,"href":"https:\/\/rdnews.al\/index.php\/wp-json\/wp\/v2\/tags?post=78187"}],"curies":[{"name":"wp","href":"https:\/\/api.w.org\/{rel}","templated":true}]}}