{"id":78230,"date":"2024-05-01T17:01:36","date_gmt":"2024-05-01T17:01:36","guid":{"rendered":"https:\/\/rdnews.al\/?p=78230"},"modified":"2024-05-01T17:01:36","modified_gmt":"2024-05-01T17:01:36","slug":"alimehmeti-veliaj-shkoi-ne-spak-i-detyruar-jo-me-deshire","status":"publish","type":"post","link":"https:\/\/rdnews.al\/index.php\/2024\/05\/01\/alimehmeti-veliaj-shkoi-ne-spak-i-detyruar-jo-me-deshire\/","title":{"rendered":"Alimehmeti: Veliaj shkoi n\u00eb SPAK i detyruar, jo me d\u00ebshir\u00eb!"},"content":{"rendered":"<p>An\u00ebtari i K\u00ebshillit Bashkiak n\u00eb Tiran\u00eb, Ilir Alimehmeti deklaroi se kryebashkiaku Erion Veliaj shkoi n\u00eb SPAK i detyruar dhe jo me d\u00ebshir\u00ebn e tij, si\u00e7 pretendon ai.<\/p>\n<p>I ftuar n\u00eb News24, Alimehmeti theksoi se duhet q\u00eb t\u00eb marr\u00eb fund hemorragjia e parave. M\u00eb tej ai shton se drejt\u00ebsia e vonuar \u00ebsht\u00eb drejt\u00ebsi e mohuar, nd\u00ebrsa n\u00ebnvizoi se Shqip\u00ebria ka nevoj\u00eb q\u00eb t\u00eb kthehet n\u00eb shinat e normalitetit.<\/p>\n<p>\u201cErion Veliaj vazhdon me mashtrimet e tij. SPAK nuk t\u00eb th\u00ebrret p\u00ebr gj\u00ebra simbolike, por p\u00ebr gj\u00ebra serioze. Veliaj ka shkuar n\u00eb SPAK sepse \u00ebsht\u00eb detyruar, jo me d\u00ebshir\u00eb. Ne k\u00ebrkuam mbledhje urgjente p\u00ebr dosjen 5D. Kemi k\u00ebrkuar mbledhje urgjente edhe p\u00ebr incenerator\u00ebt. \u00cbsht\u00eb lajm i keq p\u00ebr qytetar\u00ebt q\u00eb kan\u00eb nj\u00eb bashki t\u00eb korruptuar totalisht n\u00eb Tiran\u00eb.<\/p>\n<p>Drejt\u00ebsia e vonuar \u00ebsht\u00eb drejt\u00ebsi e munguar. Parat\u00eb po ikin dhe sh\u00ebrbimet nuk po i marrim. Ne duhet t\u00eb veprojm\u00eb n\u00eb m\u00ebnyr\u00eb eficente. Duhet t\u00eb bllokohet hemorragjia e parave. Protesta \u00ebsht\u00eb thirrur edhe nga njer\u00ebzit. Ne kemi nevoj\u00eb q\u00eb shteti t\u00eb rikthehet n\u00eb institucionalitet\u201d, tha Alimehmeti.<\/p>\n","protected":false},"excerpt":{"rendered":"<p>An\u00ebtari i K\u00ebshillit Bashkiak n\u00eb Tiran\u00eb, Ilir Alimehmeti deklaroi se kryebashkiaku Erion Veliaj shkoi n\u00eb SPAK i detyruar dhe jo me d\u00ebshir\u00ebn e tij, si\u00e7 pretendon ai. I ftuar n\u00eb News24, Alimehmeti theksoi se duhet q\u00eb t\u00eb marr\u00eb fund hemorragjia e parave. M\u00eb tej ai shton se drejt\u00ebsia e vonuar \u00ebsht\u00eb drejt\u00ebsi e mohuar, nd\u00ebrsa &hellip;<\/p>\n","protected":false},"author":4,"featured_media":65719,"comment_status":"closed","ping_status":"closed","sticky":false,"template":"","format":"standard","meta":{"footnotes":""},"categories":[37],"tags":[],"class_list":["post-78230","post","type-post","status-publish","format-standard","has-post-thumbnail","","category-politike"],"_links":{"self":[{"href":"https:\/\/rdnews.al\/index.php\/wp-json\/wp\/v2\/posts\/78230","targetHints":{"allow":["GET"]}}],"collection":[{"href":"https:\/\/rdnews.al\/index.php\/wp-json\/wp\/v2\/posts"}],"about":[{"href":"https:\/\/rdnews.al\/index.php\/wp-json\/wp\/v2\/types\/post"}],"author":[{"embeddable":true,"href":"https:\/\/rdnews.al\/index.php\/wp-json\/wp\/v2\/users\/4"}],"replies":[{"embeddable":true,"href":"https:\/\/rdnews.al\/index.php\/wp-json\/wp\/v2\/comments?post=78230"}],"version-history":[{"count":0,"href":"https:\/\/rdnews.al\/index.php\/wp-json\/wp\/v2\/posts\/78230\/revisions"}],"wp:featuredmedia":[{"embeddable":true,"href":"https:\/\/rdnews.al\/index.php\/wp-json\/wp\/v2\/media\/65719"}],"wp:attachment":[{"href":"https:\/\/rdnews.al\/index.php\/wp-json\/wp\/v2\/media?parent=78230"}],"wp:term":[{"taxonomy":"category","embeddable":true,"href":"https:\/\/rdnews.al\/index.php\/wp-json\/wp\/v2\/categories?post=78230"},{"taxonomy":"post_tag","embeddable":true,"href":"https:\/\/rdnews.al\/index.php\/wp-json\/wp\/v2\/tags?post=78230"}],"curies":[{"name":"wp","href":"https:\/\/api.w.org\/{rel}","templated":true}]}}