{"id":7890,"date":"2022-03-25T15:18:46","date_gmt":"2022-03-25T15:18:46","guid":{"rendered":"https:\/\/rdnews.al\/?p=7890"},"modified":"2022-03-25T15:18:46","modified_gmt":"2022-03-25T15:18:46","slug":"berisha-nuk-ka-pazare-ne-nje-familje-politike-dhe-smund-te-kete","status":"publish","type":"post","link":"https:\/\/rdnews.al\/index.php\/2022\/03\/25\/berisha-nuk-ka-pazare-ne-nje-familje-politike-dhe-smund-te-kete\/","title":{"rendered":"Berisha: Nuk ka pazare n\u00eb nj\u00eb familje politike dhe s\u2019mund t\u00eb ket\u00eb!"},"content":{"rendered":"<p>Ish-Kryeministri Sali Berisha, deklaroi nga selia e PD se, \u00ebsht\u00eb nj\u00eb an\u00ebtar i Komisionit t\u00eb Rithemelimit nd\u00ebrsa shtoi se as ai vet\u00eb dhe as Komisioni nuk kan\u00eb asnj\u00eb autoritet mbi vendimet e Kuvendit t\u00eb 11 dhjetorit.<\/p>\n<p>&#8220;Ajo kryesi \u00ebsht\u00eb e shkarkuar nga 4900 delegat\u00eb, nuk ekziston, por un\u00eb nuk mund t\u00eb them dhe nuk thash\u00eb q\u00eb ai nuk \u00ebsht\u00eb kryetar i grupit parlamentar. Jam p\u00ebr nj\u00eb parti m\u00eb t\u00eb bashkuar dhe m\u00eb t\u00eb hapur. S\u2019ka pazare n\u00eb nj\u00eb familje politike dhe s\u2019mund t\u00eb ket\u00eb&#8221;, tha Berisha.<\/p>\n<p>Nd\u00ebr t\u00eb tjera lideri historik i PD deklaroi se, n\u00eb k\u00ebt\u00eb parti ka indivd\u00eb, grupe me mendime t\u00eb ndryshme t\u00eb cilat ai uron q\u00eb t\u00eb punojn\u00eb s\u00eb bashku p\u00ebr t\u00eb rrafshuar \u00e7do paqart\u00ebsi.<\/p>\n<p>\u201cKa raport q\u00eb \u00ebsht\u00eb tipik p\u00ebr \u00e7do forc\u00eb demokratike n\u00eb bot\u00eb. Raporti shumic\u00eb-pakic\u00eb\u201d, tha Berisha.<\/p>\n","protected":false},"excerpt":{"rendered":"<p>Ish-Kryeministri Sali Berisha, deklaroi nga selia e PD se, \u00ebsht\u00eb nj\u00eb an\u00ebtar i Komisionit t\u00eb Rithemelimit nd\u00ebrsa shtoi se as ai vet\u00eb dhe as Komisioni nuk kan\u00eb asnj\u00eb autoritet mbi vendimet e Kuvendit t\u00eb 11 dhjetorit. &#8220;Ajo kryesi \u00ebsht\u00eb e shkarkuar nga 4900 delegat\u00eb, nuk ekziston, por un\u00eb nuk mund t\u00eb them dhe nuk thash\u00eb &hellip;<\/p>\n","protected":false},"author":4,"featured_media":7887,"comment_status":"open","ping_status":"open","sticky":false,"template":"","format":"standard","meta":{"footnotes":""},"categories":[37],"tags":[],"class_list":["post-7890","post","type-post","status-publish","format-standard","has-post-thumbnail","","category-politike"],"_links":{"self":[{"href":"https:\/\/rdnews.al\/index.php\/wp-json\/wp\/v2\/posts\/7890","targetHints":{"allow":["GET"]}}],"collection":[{"href":"https:\/\/rdnews.al\/index.php\/wp-json\/wp\/v2\/posts"}],"about":[{"href":"https:\/\/rdnews.al\/index.php\/wp-json\/wp\/v2\/types\/post"}],"author":[{"embeddable":true,"href":"https:\/\/rdnews.al\/index.php\/wp-json\/wp\/v2\/users\/4"}],"replies":[{"embeddable":true,"href":"https:\/\/rdnews.al\/index.php\/wp-json\/wp\/v2\/comments?post=7890"}],"version-history":[{"count":0,"href":"https:\/\/rdnews.al\/index.php\/wp-json\/wp\/v2\/posts\/7890\/revisions"}],"wp:featuredmedia":[{"embeddable":true,"href":"https:\/\/rdnews.al\/index.php\/wp-json\/wp\/v2\/media\/7887"}],"wp:attachment":[{"href":"https:\/\/rdnews.al\/index.php\/wp-json\/wp\/v2\/media?parent=7890"}],"wp:term":[{"taxonomy":"category","embeddable":true,"href":"https:\/\/rdnews.al\/index.php\/wp-json\/wp\/v2\/categories?post=7890"},{"taxonomy":"post_tag","embeddable":true,"href":"https:\/\/rdnews.al\/index.php\/wp-json\/wp\/v2\/tags?post=7890"}],"curies":[{"name":"wp","href":"https:\/\/api.w.org\/{rel}","templated":true}]}}