{"id":79034,"date":"2024-05-10T09:09:19","date_gmt":"2024-05-10T09:09:19","guid":{"rendered":"https:\/\/rdnews.al\/?p=79034"},"modified":"2024-05-10T17:38:25","modified_gmt":"2024-05-10T17:38:25","slug":"klgj-si-leter-higjienike-e-rames","status":"publish","type":"post","link":"https:\/\/rdnews.al\/index.php\/2024\/05\/10\/klgj-si-leter-higjienike-e-rames\/","title":{"rendered":"KLGJ si let\u00ebr higjienike e Ram\u00ebs"},"content":{"rendered":"<p>An\u00ebtari i K\u00ebshillit Komb\u00ebtar t\u00eb PD, Jamarb\u00ebr Malltezi ka reaguar me nj\u00eb postim mbi q\u00ebndrimet e KLGJ-s\u00eb p\u00ebr gjyqtaren me tre mbiemra. \u201cEdhe militant\u00ebt socialist\u00eb nuk g\u00ebnjejn\u00eb k\u00ebshtu&#8221;, shkruan Malltezi.<\/p>\n<p><strong>Postimi<\/strong><\/p>\n<p>KLGJ si let\u00ebr higjienike e Edi Ram\u00ebs:<\/p>\n<p>01.12.2023-\u00a0KLGJ avokatit &#8211; po \u00ebsht\u00eb shkarkuar Irena Gjoka.<\/p>\n<p>21.12.2023- KLGJ, pasi i t\u00ebrhoqi veshin Edi Rama, thot\u00eb se nuk kemi asgj\u00eb!!! Edhe militant\u00ebt socialist\u00eb nuk g\u00ebnjejn\u00eb k\u00ebshtu.<\/p>\n<p>04.03.2024- KLGJ, n\u00eb vend q\u00eb t\u00eb hetonte (pasi p\u00ebr k\u00ebt\u00eb paguhet nga shqiptar\u00ebt), del me deklarat\u00eb shtypi t\u00eb gatuar nga Rama, \u201cFajin e ka Saliu!\u201d.<\/p>\n<p><img loading=\"lazy\" decoding=\"async\" class=\"alignnone size-medium wp-image-79105\" src=\"https:\/\/rdnews.al\/wp-content\/uploads\/2024\/05\/1-15-236x300.jpg\" alt=\"\" width=\"236\" height=\"300\" srcset=\"https:\/\/rdnews.al\/wp-content\/uploads\/2024\/05\/1-15-236x300.jpg 236w, https:\/\/rdnews.al\/wp-content\/uploads\/2024\/05\/1-15.jpg 754w\" sizes=\"auto, (max-width: 236px) 100vw, 236px\" \/><\/p>\n<p><img loading=\"lazy\" decoding=\"async\" class=\"alignnone size-medium wp-image-79106\" src=\"https:\/\/rdnews.al\/wp-content\/uploads\/2024\/05\/3-5-217x300.jpg\" alt=\"\" width=\"217\" height=\"300\" srcset=\"https:\/\/rdnews.al\/wp-content\/uploads\/2024\/05\/3-5-217x300.jpg 217w, https:\/\/rdnews.al\/wp-content\/uploads\/2024\/05\/3-5.jpg 695w\" sizes=\"auto, (max-width: 217px) 100vw, 217px\" \/><\/p>\n<p><img loading=\"lazy\" decoding=\"async\" class=\"alignnone size-medium wp-image-79107\" src=\"https:\/\/rdnews.al\/wp-content\/uploads\/2024\/05\/2-9-221x300.jpg\" alt=\"\" width=\"221\" height=\"300\" srcset=\"https:\/\/rdnews.al\/wp-content\/uploads\/2024\/05\/2-9-221x300.jpg 221w, https:\/\/rdnews.al\/wp-content\/uploads\/2024\/05\/2-9.jpg 707w\" sizes=\"auto, (max-width: 221px) 100vw, 221px\" \/><\/p>\n","protected":false},"excerpt":{"rendered":"<p>An\u00ebtari i K\u00ebshillit Komb\u00ebtar t\u00eb PD, Jamarb\u00ebr Malltezi ka reaguar me nj\u00eb postim mbi q\u00ebndrimet e KLGJ-s\u00eb p\u00ebr gjyqtaren me tre mbiemra. \u201cEdhe militant\u00ebt socialist\u00eb nuk g\u00ebnjejn\u00eb k\u00ebshtu&#8221;, shkruan Malltezi. Postimi KLGJ si let\u00ebr higjienike e Edi Ram\u00ebs: 01.12.2023-\u00a0KLGJ avokatit &#8211; po \u00ebsht\u00eb shkarkuar Irena Gjoka. 21.12.2023- KLGJ, pasi i t\u00ebrhoqi veshin Edi Rama, thot\u00eb &hellip;<\/p>\n","protected":false},"author":4,"featured_media":75423,"comment_status":"closed","ping_status":"closed","sticky":false,"template":"","format":"standard","meta":{"footnotes":""},"categories":[37],"tags":[],"class_list":["post-79034","post","type-post","status-publish","format-standard","has-post-thumbnail","","category-politike"],"_links":{"self":[{"href":"https:\/\/rdnews.al\/index.php\/wp-json\/wp\/v2\/posts\/79034","targetHints":{"allow":["GET"]}}],"collection":[{"href":"https:\/\/rdnews.al\/index.php\/wp-json\/wp\/v2\/posts"}],"about":[{"href":"https:\/\/rdnews.al\/index.php\/wp-json\/wp\/v2\/types\/post"}],"author":[{"embeddable":true,"href":"https:\/\/rdnews.al\/index.php\/wp-json\/wp\/v2\/users\/4"}],"replies":[{"embeddable":true,"href":"https:\/\/rdnews.al\/index.php\/wp-json\/wp\/v2\/comments?post=79034"}],"version-history":[{"count":0,"href":"https:\/\/rdnews.al\/index.php\/wp-json\/wp\/v2\/posts\/79034\/revisions"}],"wp:featuredmedia":[{"embeddable":true,"href":"https:\/\/rdnews.al\/index.php\/wp-json\/wp\/v2\/media\/75423"}],"wp:attachment":[{"href":"https:\/\/rdnews.al\/index.php\/wp-json\/wp\/v2\/media?parent=79034"}],"wp:term":[{"taxonomy":"category","embeddable":true,"href":"https:\/\/rdnews.al\/index.php\/wp-json\/wp\/v2\/categories?post=79034"},{"taxonomy":"post_tag","embeddable":true,"href":"https:\/\/rdnews.al\/index.php\/wp-json\/wp\/v2\/tags?post=79034"}],"curies":[{"name":"wp","href":"https:\/\/api.w.org\/{rel}","templated":true}]}}