{"id":79036,"date":"2024-05-10T09:26:45","date_gmt":"2024-05-10T09:26:45","guid":{"rendered":"https:\/\/rdnews.al\/?p=79036"},"modified":"2024-05-10T09:26:45","modified_gmt":"2024-05-10T09:26:45","slug":"xhaka-nje-enderr-e-bere-realitet","status":"publish","type":"post","link":"https:\/\/rdnews.al\/index.php\/2024\/05\/10\/xhaka-nje-enderr-e-bere-realitet\/","title":{"rendered":"Xhaka: Nj\u00eb \u00ebnd\u00ebrr e b\u00ebr\u00eb realitet!"},"content":{"rendered":"<p>Bayer Leverkusen po p\u00ebrjeton nj\u00eb \u00ebnd\u00ebrr t\u00eb v\u00ebrtet\u00eb, nj\u00eb sezon fantastik q\u00eb as tifozi m\u00eb i zjarrt\u00eb nuk e kishte imagjinuar. Pasi siguruan titullin e par\u00eb n\u00eb histori, \u201caspirinat\u201d vun\u00eb n\u00eb jet\u00eb nj\u00eb tjet\u00ebr mrekulli duke siguruar finalen e Europa League. Nuk e fesh g\u00ebzimin p\u00ebr k\u00ebt\u00eb arritje t\u00eb madhe Xabi Alonso.<\/p>\n<p><em>\u201cJemi shum\u00eb t\u00eb lumtur q\u00eb arrit\u00ebm n\u00eb finale. Do t\u00eb luajm\u00eb dy finale brenda nj\u00eb jave. Treguam q\u00eb jemi nj\u00eb skuad\u00ebr e madhe dhe me karakter. Pasi p\u00ebsuam golin e dyt\u00eb pash\u00eb n\u00eb syt\u00eb e djemve t\u00eb mi se d\u00ebshironin t\u00eb jepnin m\u00eb shum\u00eb. Kemi shansin t\u00eb fitojm\u00eb tre trofe, kjo \u00ebsht\u00eb ajo q\u00eb meritojn\u00eb k\u00ebta djem\u201d,<\/em>\u00a0u shpreh Alonso pas ndeshjes.<\/p>\n<p>I lumtur p\u00ebr k\u00ebt\u00eb arritje t\u00eb madhe u shfaq edhe Granit Xhaka.<\/p>\n<p><em>\u201cNuk po e kuptonim se si ishte e mundur q\u00eb rezultati ishte 2-0, n\u00eb nj\u00eb koh\u00eb kur kishim raste t\u00eb pastra si n\u00eb pjes\u00ebn e par\u00eb, ashtu edhe n\u00eb t\u00eb dyt\u00ebn. Ishim t\u00eb pafat, por n\u00eb fund ia dol\u00ebm t\u00eb p\u00ebrmbysim nj\u00eb skuad\u00ebr me shum\u00eb eksperienc\u00eb. T\u00eb mos p\u00ebsosh humbje \u00ebsht\u00eb di\u00e7ka e jasht\u00ebzakonshme, kjo ishte nj\u00eb tjet\u00ebr prov\u00eb force nga ekipi jon\u00eb. Jemi n\u00eb finale, \u00ebsht\u00eb nj\u00eb \u00ebnd\u00ebrr e b\u00ebr\u00eb realitet\u201d,<\/em>\u00a0u shpreh Xhaka.<\/p>\n<p>Pavar\u00ebsisht se ishin shum\u00eb pran\u00eb nj\u00eb p\u00ebrmbysje t\u00eb madhe, n\u00eb fund edhe Roma u dor\u00ebzua p\u00ebrball\u00eb forc\u00ebs s\u00eb Leverkusen. De Rossit nuk i mbetet gj\u00eb tjet\u00ebr vet\u00ebm t\u00eb p\u00ebrg\u00ebzoj\u00eb djemt\u00eb p\u00ebr at\u00eb q\u00eb dhan\u00eb n\u00eb fush\u00eb.<\/p>\n<p><em>\u201cKomplimente Leverkusen, u treguan m\u00eb t\u00eb fort\u00eb, ne i shtr\u00ebngojm\u00eb dor\u00ebn. Djemt\u00eb e mi dhan\u00eb gjith\u00e7ka, i p\u00ebrqafova t\u00eb gjith\u00eb. M\u00eb duhet t\u2019i them faleminderit p\u00ebr k\u00ebt\u00eb rrug\u00ebtim fantastik. Ishin thjesht t\u00eb pafat\u201d<\/em>, u shpreh De Rossi.<\/p>\n","protected":false},"excerpt":{"rendered":"<p>Bayer Leverkusen po p\u00ebrjeton nj\u00eb \u00ebnd\u00ebrr t\u00eb v\u00ebrtet\u00eb, nj\u00eb sezon fantastik q\u00eb as tifozi m\u00eb i zjarrt\u00eb nuk e kishte imagjinuar. Pasi siguruan titullin e par\u00eb n\u00eb histori, \u201caspirinat\u201d vun\u00eb n\u00eb jet\u00eb nj\u00eb tjet\u00ebr mrekulli duke siguruar finalen e Europa League. Nuk e fesh g\u00ebzimin p\u00ebr k\u00ebt\u00eb arritje t\u00eb madhe Xabi Alonso. \u201cJemi shum\u00eb t\u00eb &hellip;<\/p>\n","protected":false},"author":4,"featured_media":79037,"comment_status":"closed","ping_status":"closed","sticky":false,"template":"","format":"standard","meta":{"footnotes":""},"categories":[39],"tags":[],"class_list":["post-79036","post","type-post","status-publish","format-standard","has-post-thumbnail","","category-sport"],"_links":{"self":[{"href":"https:\/\/rdnews.al\/index.php\/wp-json\/wp\/v2\/posts\/79036","targetHints":{"allow":["GET"]}}],"collection":[{"href":"https:\/\/rdnews.al\/index.php\/wp-json\/wp\/v2\/posts"}],"about":[{"href":"https:\/\/rdnews.al\/index.php\/wp-json\/wp\/v2\/types\/post"}],"author":[{"embeddable":true,"href":"https:\/\/rdnews.al\/index.php\/wp-json\/wp\/v2\/users\/4"}],"replies":[{"embeddable":true,"href":"https:\/\/rdnews.al\/index.php\/wp-json\/wp\/v2\/comments?post=79036"}],"version-history":[{"count":0,"href":"https:\/\/rdnews.al\/index.php\/wp-json\/wp\/v2\/posts\/79036\/revisions"}],"wp:featuredmedia":[{"embeddable":true,"href":"https:\/\/rdnews.al\/index.php\/wp-json\/wp\/v2\/media\/79037"}],"wp:attachment":[{"href":"https:\/\/rdnews.al\/index.php\/wp-json\/wp\/v2\/media?parent=79036"}],"wp:term":[{"taxonomy":"category","embeddable":true,"href":"https:\/\/rdnews.al\/index.php\/wp-json\/wp\/v2\/categories?post=79036"},{"taxonomy":"post_tag","embeddable":true,"href":"https:\/\/rdnews.al\/index.php\/wp-json\/wp\/v2\/tags?post=79036"}],"curies":[{"name":"wp","href":"https:\/\/api.w.org\/{rel}","templated":true}]}}