{"id":79085,"date":"2024-05-10T16:12:16","date_gmt":"2024-05-10T16:12:16","guid":{"rendered":"https:\/\/rdnews.al\/?p=79085"},"modified":"2024-05-10T16:13:57","modified_gmt":"2024-05-10T16:13:57","slug":"ne-diten-e-drejtesise-dy-fjale-per-qiria-irena-me-3-mbiemra","status":"publish","type":"post","link":"https:\/\/rdnews.al\/index.php\/2024\/05\/10\/ne-diten-e-drejtesise-dy-fjale-per-qiria-irena-me-3-mbiemra\/","title":{"rendered":"N\u00eb dit\u00ebn e drejt\u00ebsis\u00eb, dy fjal\u00eb p\u00ebr Qiria Irena me 3 mbiemra&#8230;"},"content":{"rendered":"<p><strong>Nga Adriana KALAJA<\/strong><\/p>\n<p>Sot n\u00eb dit\u00ebn e \u201cDREJT\u00cbSIS\u00cb\u201d, kur KLGJ dhe KLP, dy organe t\u00eb r\u00ebnd\u00ebsishme t\u00eb \u201cDrejt\u00ebsis\u00eb s\u00eb Re\u201d kan\u00eb vendosur t\u00eb festojn\u00eb n\u00ebn elozhet e ambasador\u00ebve gjith\u00eb publiku pa dhe u shokua sesi an\u00ebtarja e GJKKO, deri dje edhe Kryetarja e komanduar e saj, p\u00ebrfaq\u00ebson denj\u00ebsisht \u201cDrejt\u00ebsin\u00eb e re\u201d t\u00eb rilindur made in Don Aga\u00e7i, dua t\u00eb them dy fjal\u00eb p\u00ebr Qiria Irena me 3 (tre) mbiemra.<\/p>\n<p>N\u00eb fakt, publiku fillimisht nuk e besonte k\u00ebt\u00eb ngjarje t\u00eb denj\u00eb p\u00ebr n\u00eb filmat triller apo filmat kudo n\u00eb bot\u00eb made in \u201cMamica e Sk\u00ebnd\u00ebrbeut\u201d rilindas.<\/p>\n<p>Edhe n\u00eb vijim\u00ebsi kur Kryetari i PDSH-s\u00eb dhe Lideri i Opozit\u00ebs (edhe n\u00ebp\u00ebrmjet avokat\u00ebve t\u00eb tij), denonconte me fakte dhe prova sesi Qiria Iren\u00eb me 3 (tre) mbiemra, jo vet\u00ebm kishte fshehur shkarkimin e saj nga Prof. Dr. Sali Berisha, n\u00eb cil\u00ebsin\u00eb e Kryetarit t\u00eb KLD-s\u00eb n\u00eb vitin 1996, por edhe fshehjen dhe falsifikimin n\u00eb deklarime t\u00eb d\u00ebbimit t\u00eb saj nga Greqia n\u00eb vitin 2002.<\/p>\n<p>Nuk dua t\u00eb merem sesi Qiria Irena me 3 (tre) mbiemra i`u ndalua hyrja p\u00ebr 10 vite n\u00eb vendet Shengen dhe, sesi n\u00eb vitin 2004 lindi djalin e saj n\u00eb Itali (denoncuar mjesht\u00ebrisht nga miku im Basir \u00c7ollaku), duke vijuar falsifikimin n\u00eb mjetet e identifikimit (p\u00ebr t\u00eb cilat duhet t\u00eb filloj\u00eb urgjentisht hetimi i thelluar nga ana e af\u00ebrmendsh SPAK), por me at\u00eb q\u00eb ka ndodhur te ajo \u201cDrejt\u00ebsia e Re\u201d made in Don Aga\u00e7i, denoncuar n\u00eb vijim\u00ebsi nga un\u00eb e koleg\u00eb t\u00eb mi avokat\u00eb, por ve\u00e7an\u00ebrsisht nga z. Berisha dhe PD e v\u00ebrtet\u00eb.<\/p>\n<p>P\u00ebr t`a sqaruar me publikun, n\u00eb konceptim tim nuk ka drejt\u00ebsi t\u00eb re apo t\u00eb vjet\u00ebr.<\/p>\n<p>O ka o nuk ka dreejt\u00ebsi.<\/p>\n<p>Dhe tashm\u00eb, kjo sot \u00ebsht\u00eb evidente, p\u00ebrsa koh\u00eb q\u00eb \u201cDrejt\u00ebsin\u00eb e Re\u201d e b\u00ebjn\u00eb Dvoran\u00ebt, Sokol\u00ebt e PS-s\u00eb dhe t\u00eb gjith\u00eb ata q\u00eb \u201ckaluan\u201d Vetingun m\u00eb motr\u00ebn e Bel\u00ebs apo Ina Ram\u00ebn e Edvin Kristaq Ram\u00ebs.<\/p>\n<p>P\u00ebr turpin e atyre profesionist\u00ebve q\u00eb nuk guxuan t\u00eb flasin.<\/p>\n<p>Edhe p\u00ebr turpin e atyre ambasador\u00ebve q\u00eb i mb\u00ebshtet\u00ebn, edhe n\u00eb shkelje t\u00eb Kushtetut\u00ebs.<\/p>\n<p>Ndjehem krenare, sepse kam q\u00ebn\u00eb nd\u00ebr t\u00eb parat q\u00eb e kam denoncuar k\u00ebt\u00eb drejt\u00ebsi me regji, d\u00ebshtimin e saj pa nisur dhe mbi t\u00eb gjitha, shkat\u00ebrrimin e nj\u00eb sistemi t\u00eb t\u00ebr\u00eb, q\u00eb megjith\u00eb problemet q\u00eb kishte, funksiononte.<\/p>\n<p>Madje kam denoncuar me prova (foto nr.1), n\u00eb nj\u00eb protest\u00eb t\u00eb organizuar para KPK-s\u00eb, sesi shkarkimi i magjistrat\u00ebve b\u00ebhej:<\/p>\n<ol>\n<li>Me urdh\u00ebr politik.<\/li>\n<li>Me lista.<\/li>\n<\/ol>\n<p>Sesa vite i duhen nj\u00eb qytetari p\u00ebr t\u00eb gjetur drejt\u00ebsi dhe sesa akses ka sot nj\u00eb qytetar n\u00eb k\u00ebt\u00eb sistem t\u00eb propozuar dhe sponsorizuar, si \u00e7do e keqe nga Soros, e din\u00eb t\u00eb gjith\u00eb, por sot un\u00eb po merem me dy organet e Vetingut si\u00e7 jan\u00eb KPK dhe KPA.<\/p>\n<p>Sipas vendimit nr.241, dat\u00eb 26.02.2020, trupa e KPK e p\u00ebrb\u00ebr\u00eb nga Valbona Sanxhaktari, Genta Bungo dhe Roland Ilia (sot drejtues i KPK), kan\u00eb vendosur t\u00eb konfirmojn\u00eb n\u00eb detyr\u00eb Qiria Irena me 3 (tre) mbiemra, alias gjyqtare Irena Gjoka.<\/p>\n<p>N\u00ebse do informoheni nga SPAK lidhur me kall\u00ebzimet dhe skandalet e k\u00ebtyre tre komisioner\u00ebve (dhe jo vet\u00ebm), do kuptoni pse Vetingun e kalojn\u00eb vet\u00ebm ata q\u00eb i sh\u00ebrbejn\u00eb pushtetit (me raste t\u00eb rralla e kund\u00ebrta).<\/p>\n<p>K\u00ebt\u00eb vendim e ka ankimuar Komisioneri Publik duke parashtruar shkaqet se p\u00ebrse ky vendim duhej t\u00eb prishej dhe pse Qiria Irena me 3 (tre) mbiemra duhej shkarkuar.<\/p>\n<p>P\u00ebr t\u00eb mos Ju lodhur me k\u00ebt\u00eb pjes\u00eb, m\u00eb posht\u00eb ndiqni k\u00ebto shkaqe (foto 2 &#8211; 4), t\u00eb cilat evidentojn\u00eb problemet e r\u00ebnda lidhur me kriterin e pasuris\u00eb p\u00ebr k\u00ebt\u00eb magjistrat\u00eb dhe pse kjo magjistrat\u00eb duhej t\u00eb shkarkohej.<\/p>\n<p>Them p\u00ebr kriterin e pasuris\u00eb se ashtu si u evidentua dhe u v\u00ebrtetua k\u00ebto dit\u00eb, nga k\u00ebto<\/p>\n<p>Komisione nuk ishte hetuar aspak p\u00ebr:<\/p>\n<ol>\n<li>Past\u00ebrtin\u00eb e figur\u00ebs.<\/li>\n<li>Nivelin profesional.<\/li>\n<\/ol>\n<p>Ajo q\u00eb \u00ebsht\u00eb e ve\u00e7ant\u00eb n\u00eb procesin e rivler\u00ebsimit t\u00eb Qiria Irena me 3 (tre) mbiemra \u00ebsht\u00eb fakti se n\u00eb fund t\u00eb hetimit, \u201c\u00e7udit\u00ebrisht\u201d Komisioneri Publik \u201cHEQ DOR\u00cb\u201d nga ankimi, dhe KPA l\u00eb n\u00eb fuqi vendimin e KPK lidhur me k\u00ebt\u00eb subjekt.<\/p>\n<p>Situata \u00ebsht\u00eb shum\u00eb e qart\u00eb nisur nga orientimi se sa m\u00eb shum\u00eb t\u00eb jesh pis, aq m\u00eb e vendosur je p\u00ebr t`i sh\u00ebrbyer \u201cbamir\u00ebsit\u201d q\u00eb dha urdh\u00ebr vijimi i mbajtjes me rrog\u00eb t\u00eb majme dhe me zyra \u201cdinjitoze\u201d, q\u00eb i`a falin edhe \u201ckoleg\u00ebt\u201d.<\/p>\n<p>dhe Qiria Irena me 3 (tre) mbiemra, \u00ebsht\u00eb m\u00eb e vendosur se kurr\u00eb p\u00ebr t`ja shp\u00ebrblyer \u201cbamir\u00ebsit\u201d t\u00eb saj.<\/p>\n<p>Deri n\u00eb diskretitim pa pik\u00eb kok\u00eb\u00e7arje para publikut edhe organeve t\u00eb \u201cDrejt\u00ebsis\u00eb s\u00eb Re\u201d.<\/p>\n<p>Edhe para ambasador\u00ebve q\u00eb jo vet\u00ebm nuk jan\u00eb aty p\u00ebr t\u00eb zgjidhur k\u00ebto probleme t\u00eb r\u00ebnda, por pjes\u00eb shum\u00eb e madhe e tyre.<\/p>\n<p>P\u00ebrve\u00e7 \u201cHEQJES DOR\u00cb\u201d nga ankimi nga ana e Komisionerit Publik, \u00e7far\u00eb e b\u00ebn t\u00eb ve\u00e7ant\u00eb procesin e rivler\u00ebsimit t\u00eb Qiria Irena me 3 (tre) mbiemra?<\/p>\n<ol>\n<li>Qiria Irena me 3 (tre) mbiemra, megjith\u00ebse nuk ishte e martuar me bashk\u00ebshortin aktual, ish shoferin e saj (S. Gj.), derdhte shuma monetare t\u00eb konsiderueshme n\u00eb llogarin\u00eb e tij.???????<\/li>\n<li>Bashk\u00ebshorti aktual i Qiria Irena me 3 (tre) mbiemra, megjith\u00ebse ka mar\u00eb shuma t\u00eb konsiderueshme hua nga t\u00eb tret\u00eb, nuk ka deklaruar tatim n\u00eb burim, fakt p\u00ebr t\u00eb cil\u00ebn, edhe p\u00ebr 1 rast, shum\u00eb magjistrat\u00eb jan\u00eb shkarkuar.<\/li>\n<li>Qiria Irena me 3 (tre) mbiemra, megjith\u00ebse i mer bashk\u00ebshortin nj\u00eb gruaje, ish bashk\u00ebshortja e S. Gj., n\u00eb shenj\u00eb falenderimi i jep dhe para HUA asaj q\u00eb i mori bashk\u00ebshortin.???????<\/li>\n<\/ol>\n<p>Ka t\u00eb drejt\u00eb \u201cMamica\u201d Elis\u00eb se k\u00ebto \u201cb\u00ebhen&#8221; edhe filma.<\/p>\n<p>Nuk di a objekti i tyre a do jet\u00eb komedi apo triller, por e sigurt\u00eb q\u00eb p\u00ebr shqiptar\u00ebt \u00ebsht\u00eb nj\u00eb tragjedi nj\u00ebsohlj si ajo e skemave piramidale t\u00eb &#8217;97.<\/p>\n<p>Koha p\u00ebrve\u00e7 t\u00eb tjerave do e v\u00ebrtetoj\u00eb k\u00ebt\u00eb.<\/p>\n<p>Situat\u00eb q\u00eb nuk mund t\u00eb jap\u00ebsh p\u00ebrgjigje por vet\u00ebm, t\u00eb ngresh z\u00ebrin e t\u00eb k\u00ebrkosh llogari.<\/p>\n<p>Llogari e madje t\u00eb mbajn\u00eb p\u00ebrgjegj\u00ebsi.<\/p>\n<p>Edhe penale.<\/p>\n<p>Nga Komisioner\u00ebt e KPK dhe KPA e deri te an\u00ebtar\u00ebt e KLGJ.<\/p>\n<p>Pse u shqet\u00ebsuan ato nga e v\u00ebrteta e Sali Berish\u00ebs?<\/p>\n<p>Apo se jan\u00eb pjes\u00eb deri n\u00eb fyt p\u00ebr gjith\u00eb shkat\u00ebrrimin e Sistemit t\u00eb Drejt\u00ebsis\u00eb dhe pjes\u00eb aktive e shkat\u00ebrtkmit t\u00eb PD dhe Opozit\u00ebs Shqiptare?<\/p>\n<p>Ndaj hetimi i thelluar i k\u00ebsaj \u00e7\u00ebshtje m\u00eb s\u00eb pari do i b\u00ebnte nder vet\u00eb Sistemit t\u00eb Drejt\u00ebsis\u00eb dhe s\u00eb dyti do \u00e7onte para ligjit, bazuar n\u00eb Sistemit t\u00eb V\u00ebrtet\u00eb t\u00eb Drejt\u00ebsis\u00eb, personat p\u00ebrgjegj\u00ebs duke i&#8221;u p\u00ebrgjigjur pyetjeve shum\u00eb t\u00eb r\u00ebnd\u00ebsishme:<\/p>\n<ol>\n<li>Si \u00ebsht\u00eb e mundur q\u00eb n\u00eb dy institucionet me t\u00eb r\u00ebnd\u00ebsishme t\u00eb drejt\u00ebsis\u00eb, GJKKO dhe SPAK, nuk ka short elektronik?<\/li>\n<li>Si i ka mar\u00eb dosjet Partizani, Beleri, G\u00ebrdeci etj., Qiria me 3 mbiemra?<\/li>\n<li>Si i kan\u00eb mar\u00eb \u00e7\u00ebshtjet m\u00eb t\u00eb r\u00ebnd\u00ebsishme k\u00ebta magjistrat\u00eb?<\/li>\n<li>Pse nuk i kan\u00eb hetuar k\u00ebto denoncime KLGJ?<\/li>\n<li>Pse KLGJ ka dh\u00ebn\u00eb disa p\u00ebrgjigje lidhur me Qirian me 3 mbiemra?<\/li>\n<li>Si e kaloi shkall\u00ebn e par\u00eb t\u00eb Vetingut Qiria me 3 mbienra?<\/li>\n<li>Si &#8220;hoqi&#8221; dor\u00eb Komisioneri Publik nga ankimi?<\/li>\n<li>Po KPA me gjith\u00eb ato shkelje q\u00eb konstatoi, pse nuk e shkarkoi Qirian me 3 mbiemra?<\/li>\n<li>A ka nd\u00ebrhyr\u00eb Qiria me 3 mbiemra p\u00ebr t\u00eb mbyllur dosjet ndaj atyre q\u00eb e lan\u00eb n\u00eb detyr\u00eb?<\/li>\n<li>\u00c7far\u00eb po pret SPAK dhr KLGJ p\u00ebr t\u00eb mos mar\u00eb masat e nevojshme p\u00ebf pezullimin nga detyra e Qiries me 3 mbiemra, si rrezik potencial p\u00ebr prishjen e provave dhe intimidimin e d\u00ebshmitar\u00ebve?<\/li>\n<\/ol>\n<p>PS: Ina Ram\u00ebn, alias autore kryesore e pu\u00e7it t\u00eb shtetit n\u00eb 21 janar 2011, alias pjes\u00eb e PS, alias miken e Don Aga\u00e7it, do keni status tjet\u00ebr n\u00eb vijim &#8230;&#8230;<\/p>\n<p><img loading=\"lazy\" decoding=\"async\" class=\"alignnone size-medium wp-image-79087\" src=\"https:\/\/rdnews.al\/wp-content\/uploads\/2024\/05\/a-300x251.png\" alt=\"\" width=\"300\" height=\"251\" srcset=\"https:\/\/rdnews.al\/wp-content\/uploads\/2024\/05\/a-300x251.png 300w, https:\/\/rdnews.al\/wp-content\/uploads\/2024\/05\/a.png 641w\" sizes=\"auto, (max-width: 300px) 100vw, 300px\" \/><\/p>\n","protected":false},"excerpt":{"rendered":"<p>Nga Adriana KALAJA Sot n\u00eb dit\u00ebn e \u201cDREJT\u00cbSIS\u00cb\u201d, kur KLGJ dhe KLP, dy organe t\u00eb r\u00ebnd\u00ebsishme t\u00eb \u201cDrejt\u00ebsis\u00eb s\u00eb Re\u201d kan\u00eb vendosur t\u00eb festojn\u00eb n\u00ebn elozhet e ambasador\u00ebve gjith\u00eb publiku pa dhe u shokua sesi an\u00ebtarja e GJKKO, deri dje edhe Kryetarja e komanduar e saj, p\u00ebrfaq\u00ebson denj\u00ebsisht \u201cDrejt\u00ebsin\u00eb e re\u201d t\u00eb rilindur made in &hellip;<\/p>\n","protected":false},"author":4,"featured_media":61715,"comment_status":"closed","ping_status":"closed","sticky":false,"template":"","format":"standard","meta":{"footnotes":""},"categories":[44],"tags":[],"class_list":["post-79085","post","type-post","status-publish","format-standard","has-post-thumbnail","","category-editorial"],"_links":{"self":[{"href":"https:\/\/rdnews.al\/index.php\/wp-json\/wp\/v2\/posts\/79085","targetHints":{"allow":["GET"]}}],"collection":[{"href":"https:\/\/rdnews.al\/index.php\/wp-json\/wp\/v2\/posts"}],"about":[{"href":"https:\/\/rdnews.al\/index.php\/wp-json\/wp\/v2\/types\/post"}],"author":[{"embeddable":true,"href":"https:\/\/rdnews.al\/index.php\/wp-json\/wp\/v2\/users\/4"}],"replies":[{"embeddable":true,"href":"https:\/\/rdnews.al\/index.php\/wp-json\/wp\/v2\/comments?post=79085"}],"version-history":[{"count":0,"href":"https:\/\/rdnews.al\/index.php\/wp-json\/wp\/v2\/posts\/79085\/revisions"}],"wp:featuredmedia":[{"embeddable":true,"href":"https:\/\/rdnews.al\/index.php\/wp-json\/wp\/v2\/media\/61715"}],"wp:attachment":[{"href":"https:\/\/rdnews.al\/index.php\/wp-json\/wp\/v2\/media?parent=79085"}],"wp:term":[{"taxonomy":"category","embeddable":true,"href":"https:\/\/rdnews.al\/index.php\/wp-json\/wp\/v2\/categories?post=79085"},{"taxonomy":"post_tag","embeddable":true,"href":"https:\/\/rdnews.al\/index.php\/wp-json\/wp\/v2\/tags?post=79085"}],"curies":[{"name":"wp","href":"https:\/\/api.w.org\/{rel}","templated":true}]}}