{"id":79322,"date":"2024-05-14T10:03:27","date_gmt":"2024-05-14T10:03:27","guid":{"rendered":"https:\/\/rdnews.al\/?p=79322"},"modified":"2024-05-14T10:03:27","modified_gmt":"2024-05-14T10:03:27","slug":"shqiperia-e-filipinasve-jo-eshte-koha-e-fundit-kur-vendosim-ne-dhe-jo-edi-rama","status":"publish","type":"post","link":"https:\/\/rdnews.al\/index.php\/2024\/05\/14\/shqiperia-e-filipinasve-jo-eshte-koha-e-fundit-kur-vendosim-ne-dhe-jo-edi-rama\/","title":{"rendered":"Shqip\u00ebria e filipinasve?! Jo! Esht\u00eb koha e fundit kur vendosim ne dhe jo Edi Rama!"},"content":{"rendered":"<p><strong>Enver Byty\u00e7i<\/strong><\/p>\n<p>Kryeministri i Shqip\u00ebris\u00eb, Edi Rama, pas manifestimit patriotik t\u00eb Athin\u00ebs, iu rikthye veprave anti-komb\u00ebtare t\u00eb tij t\u00eb pashmangshme. Deklaroi me mburrje se do t\u00eb sjell\u00eb Filipinas p\u00ebr t\u00eb zevend\u00ebsuar shqiptar\u00ebt, q\u00eb ai vet\u00eb me politikat e tij anti-shqiptare t\u00eb tipit t\u00eb \u00c7ubrillovi\u00e7it i ka p\u00ebrz\u00ebn\u00eb nga Shqip\u00ebria.<\/p>\n<p>Politikat demografike jan\u00eb alfa e pun\u00ebs e \u00e7do qeverie n\u00eb bot\u00eb, sepse shteti bazohet n\u00eb dy element\u00eb t\u00eb patjet\u00ebrsuesh\u00ebm: &#8211; Territorin dhe popullsin\u00eb. Nj\u00eb territor i zbras\u00ebt nuk quhet komb, nuk ka as shtet. Nj\u00eb popullsi pa territor \u00ebsht\u00eb nj\u00eb komunitet pa identitet. N\u00ebse p.sh n\u00eb Kosov\u00eb nuk do t\u00eb jetonin shqiptar\u00ebt, por serb\u00ebt, at\u00ebher\u00eb nuk do t\u00eb kishte as Rambuje, as Grup Kontakti, as bombardime t\u00eb NATO-s kund\u00ebr Serbis\u00eb, as \u00e7lirim t\u00eb Kosov\u00ebs (12 qershor 1999), as pavar\u00ebsi t\u00eb Kosov\u00ebs (17 shkurt 2008), pra as shtet dhe institucione t\u00eb nj\u00eb Kosov\u00eb t\u00eb pavarur.<\/p>\n<p>N\u00ebse Shqip\u00ebria do t\u00eb ishte e banuar me filipinas, sot nuk do t\u00eb kishim nj\u00eb personalitet t\u00eb flamurit, si Ismail Qemali, as nj\u00eb Isa Boletin q\u00eb ta puthte flamurin shqiptar. Por mbas 112 viteve shtet i pavarur, n\u00eb saj\u00eb t\u00eb politikave anti-komb\u00ebtare t\u00eb Edi Ram\u00ebs ia arrit\u00ebm edhe k\u00ebsaj dit\u00eb. \u2013 Sot qeveria shqiptare I zevend\u00ebson shqiptar\u00ebt n\u00eb v\u00ebndin e vet me filipinas, me indian\u00eb dhe aziatik\u00eb t\u00eb tjer\u00eb. Nd\u00ebrkoh\u00eb shqiptar\u00ebt duhet t\u00eb din\u00eb se edhe marr\u00ebveshja me Melonin p\u00ebr ngritjen e kampeve t\u00eb refugjat\u00ebve fillimisht n\u00eb L\u00ebzh\u00eb e n\u00eb Sh\u00ebngjin dhe m\u00eb von\u00eb n\u00eb t\u00eb gjith veriun e Shqip\u00ebris\u00eb, \u00ebsht\u00eb pjes\u00eb e programit politik t\u00eb kryeministrit t\u00eb Shqip\u00ebris\u00eb p\u00ebr ta zhb\u00ebr\u00eb kombin shqiptar. Fillimisht veriun e vendit, at\u00eb pjes\u00eb ku familja, tradita dhe kombi vler\u00ebsohen m\u00eb shum\u00eb se kudo. Parimi: &#8211; T\u2019ia nisim nga e v\u00ebshtira, p\u00ebr ta leht\u00ebsuar pun\u00ebn m\u00eb pas n\u00eb jug t\u00eb Shqip\u00ebris\u00eb.<\/p>\n<p>Manifestimi i Athin\u00ebs t\u00eb diel\u00ebn e shkuar ishte m\u00eb s\u00eb paku preludi i k\u00ebsaj maskarade anti-komb\u00ebtare t\u00eb kryeministrit shqiptar. Ishte maska e p\u00ebrpjekjeve p\u00ebr shpopullimin e Shqip\u00ebris\u00eb nga shqiptar\u00ebt dhe zevend\u00ebsimin e tyre me filipinas dhe raca t\u00eb tjera t\u00eb globit. Kjo \u00ebsht\u00eb arsyeja pse n\u00eb Athin\u00eb politika, media dhe madje opinioni publik ishin t\u00eb qet\u00eb dhe t\u00eb patrazuar p\u00ebr \u201ctrazavaqin\u201d, Edi Rama. Me siguri q\u00eb ata jan\u00eb lajm\u00ebruar p\u00ebr konspiracionin e atij manifestimi p\u00ebr t\u00eb fshehur vepr\u00ebn e shpopullimit t\u00eb Shqip\u00ebris\u00eb. Nd\u00ebrsa Beogradi b\u00ebn fest\u00eb p\u00ebr k\u00ebt\u00eb vep\u00ebr anti-shqiptare t\u00eb pash\u00ebmbullt n\u00eb histori t\u00eb Edi Ram\u00ebs.<\/p>\n<p>Shqip\u00ebria, Kosova dhe shqiptar\u00ebt i kan\u00eb rezistuar p\u00ebrpjekjeve p\u00ebr shpopullim gjat\u00eb mij\u00ebra vje\u00e7ar\u00ebve e sidomos nga mesjeta e deri m\u00eb sot. U p\u00ebrpoq\u00ebn serb\u00ebt e Stefan Dushanit ta ndryshojn\u00eb hart\u00ebn politike n\u00eb favor t\u00eb asaj perandorie. Madje ata u nd\u00ebrruan emrat toponimeve shqiptare deri n\u00eb Bistric\u00ebn e Sarand\u00ebs, \u00c7orovod\u00ebn e Skraparit e Novosel\u00ebn e Vlor\u00ebs, por nuk ia arrit\u00ebn ta asimilojn\u00eb elementin shqiptar n\u00eb k\u00ebto territore. U p\u00ebrpoq\u00ebn shum\u00eb armiq t\u00eb tjer\u00eb, ve\u00e7mas dhe s\u00ebrishmi serb\u00ebt, q\u00eb ta asimilojn\u00eb Kosov\u00ebn dhe trevat e tjera n\u00eb ish-Jugosllavi, por nuk ia arrit\u00ebn dot. Ish-kryeministri m\u00eb jet\u00ebgjat\u00eb i Serbis\u00eb dhe Jugosllavis\u00eb, Nikolla Pashi\u00e7, thoshte m\u00eb 1913 se \u201cNe do t\u00eb p\u00ebrpiqemi q\u00eb shqiptar\u00ebt t\u2019i asimilojm\u00eb. N\u00ebse nuk do t\u00eb duan t\u00eb asimilohen, at\u00ebher\u00eb ne do t\u2019i d\u00ebbojm\u00eb. Dhe n\u00ebse nuk do t\u00eb duan t\u00eb d\u00ebbohen, at\u00ebher\u00eb ne do t\u2019i asgj\u00ebsojm\u00eb\u201d! Nd\u00ebrkoh\u00eb q\u00eb asimilimi dhe d\u00ebbimi jan\u00eb pjes\u00eb e politikave t\u00eb asgj\u00ebsimit asgj\u00ebsimi. K\u00ebt\u00eb po b\u00ebn Edi Rama. Ai nuk ka nevoj\u00eb t\u2019i asgj\u00ebsoj\u00eb shqiptar\u00eb. Po asgj\u00ebson shqiptarin\u00eb.<\/p>\n<p>T\u00eb nj\u00ebjt\u00ebn gj\u00eb planifikoi n\u00eb memorandumin e tij t\u00eb 7 marsit 1937 akademiku serb, Vasa \u00c7ubrillovi\u00e7. N\u00eb at\u00eb memorandum jan\u00eb shprehur t\u00eb gjitha aspektet e programit serb t\u00eb shpopullimit t\u00eb Kosov\u00ebs dhe trojeve tjera shqiptare nga elementi shqiptar. Madje thuhet se duke i paguar politikan\u00ebt shqiptar\u00eb n\u00eb Tiran\u00eb, mundet q\u00eb n\u00eb k\u00ebto p\u00ebrpjekje t\u00eb shpopullimit t\u00eb marrin pjes\u00eb edhe ata. A \u00ebsht\u00eb Edi Rama ai q\u00eb b\u00ebn pjes\u00eb n\u00eb grupin e shqiptar\u00ebve, p\u00ebr t\u00eb cil\u00ebt Vasa \u00c7ubrillovi\u00e7 besonte se, duke i paguar do t\u00eb b\u00ebhen pjes\u00eb e shpopullimit t\u00eb trojeve shqiptare nga shqiptar\u00ebt?!<\/p>\n<p>Me p\u00ebrgjegj\u00ebsin\u00eb e nj\u00eb njeriu q\u00eb kupton efektet e tmerrshme t\u00eb shkomb\u00ebtarizimit t\u00eb k\u00ebsaj politike, i b\u00ebj thirrje \u00e7do shqiptari q\u00eb m\u00eb s\u00eb pari t\u00eb refuzoj\u00eb e t\u00eb sakrifikoj\u00eb, p\u00ebr t\u00eb mosu larguar nga Shqip\u00ebria, s\u00eb paku derisa t\u00eb kaloj\u00eb ky rrezik i tmerrsh\u00ebm p\u00ebr kombin ton\u00eb. Nd\u00ebrkoh\u00eb dua t\u00eb ve n\u00eb dukje se \u00ebsht\u00eb koha e fundit, kur mund ta shp\u00ebtojm\u00eb Shqip\u00ebrin\u00eb nga nj\u00eb band\u00eb dhe nga nj\u00eb bandit anti-shqiptar si kryeministri i Shqip\u00ebris\u00eb, Edi Rama! Ngrihuni, mos rrini asnj\u00eb minut\u00eb! Mos b\u00ebni gjum\u00eb t\u00eb rehatsh\u00ebm, sepse nes\u00ebr nuk do t\u00eb kemi asgj\u00eb ton\u00ebn, as atdhe, as familje, as integritet, dinjitet, as em\u00ebr dhe personalitet. Do t\u00eb shnd\u00ebrrohemi n\u00eb qenie, t\u00eb cilat thjesht marrin frym\u00eb dhe e shumta mund t\u2019i g\u00ebzohemi thjesht valevitjes s\u00eb flamurit shqiptar, por asgj\u00eb m\u00eb shum\u00eb!<\/p>\n<p>Ngrihuni dhe n\u00ebse Edi Rama refuzon t\u00eb ik\u00eb e t\u00eb na ler\u00eb t\u00eb qet\u00eb n\u00eb atdheun ton\u00eb, at\u00ebher\u00eb ta p\u00ebrzem\u00eb me \u00e7do mjet. Atdheu dhe kombi vlejn\u00eb miliona her\u00eb m\u00eb shum\u00eb se \u00e7do nj\u00ebri prej nesh, m\u00eb shum\u00eb edhe se kryeministri i Shqip\u00ebris\u00eb, n\u00eb rastin e sot\u00ebm, Edi Rama!<\/p>\n","protected":false},"excerpt":{"rendered":"<p>Enver Byty\u00e7i Kryeministri i Shqip\u00ebris\u00eb, Edi Rama, pas manifestimit patriotik t\u00eb Athin\u00ebs, iu rikthye veprave anti-komb\u00ebtare t\u00eb tij t\u00eb pashmangshme. Deklaroi me mburrje se do t\u00eb sjell\u00eb Filipinas p\u00ebr t\u00eb zevend\u00ebsuar shqiptar\u00ebt, q\u00eb ai vet\u00eb me politikat e tij anti-shqiptare t\u00eb tipit t\u00eb \u00c7ubrillovi\u00e7it i ka p\u00ebrz\u00ebn\u00eb nga Shqip\u00ebria. Politikat demografike jan\u00eb alfa e pun\u00ebs &hellip;<\/p>\n","protected":false},"author":4,"featured_media":11242,"comment_status":"closed","ping_status":"closed","sticky":false,"template":"","format":"standard","meta":{"footnotes":""},"categories":[44],"tags":[],"class_list":["post-79322","post","type-post","status-publish","format-standard","has-post-thumbnail","","category-editorial"],"_links":{"self":[{"href":"https:\/\/rdnews.al\/index.php\/wp-json\/wp\/v2\/posts\/79322","targetHints":{"allow":["GET"]}}],"collection":[{"href":"https:\/\/rdnews.al\/index.php\/wp-json\/wp\/v2\/posts"}],"about":[{"href":"https:\/\/rdnews.al\/index.php\/wp-json\/wp\/v2\/types\/post"}],"author":[{"embeddable":true,"href":"https:\/\/rdnews.al\/index.php\/wp-json\/wp\/v2\/users\/4"}],"replies":[{"embeddable":true,"href":"https:\/\/rdnews.al\/index.php\/wp-json\/wp\/v2\/comments?post=79322"}],"version-history":[{"count":0,"href":"https:\/\/rdnews.al\/index.php\/wp-json\/wp\/v2\/posts\/79322\/revisions"}],"wp:featuredmedia":[{"embeddable":true,"href":"https:\/\/rdnews.al\/index.php\/wp-json\/wp\/v2\/media\/11242"}],"wp:attachment":[{"href":"https:\/\/rdnews.al\/index.php\/wp-json\/wp\/v2\/media?parent=79322"}],"wp:term":[{"taxonomy":"category","embeddable":true,"href":"https:\/\/rdnews.al\/index.php\/wp-json\/wp\/v2\/categories?post=79322"},{"taxonomy":"post_tag","embeddable":true,"href":"https:\/\/rdnews.al\/index.php\/wp-json\/wp\/v2\/tags?post=79322"}],"curies":[{"name":"wp","href":"https:\/\/api.w.org\/{rel}","templated":true}]}}