{"id":79324,"date":"2024-05-14T10:07:51","date_gmt":"2024-05-14T10:07:51","guid":{"rendered":"https:\/\/rdnews.al\/?p=79324"},"modified":"2024-05-14T10:07:51","modified_gmt":"2024-05-14T10:07:51","slug":"argita-malltezi-i-bashkohet-protestes-para-bashkise","status":"publish","type":"post","link":"https:\/\/rdnews.al\/index.php\/2024\/05\/14\/argita-malltezi-i-bashkohet-protestes-para-bashkise\/","title":{"rendered":"Argita Malltezi i bashkohet protest\u00ebs para Bashkis\u00eb"},"content":{"rendered":"<p>Mes protestuesve para Bashkis\u00eb s\u00eb Tiran\u00ebs \u00ebsht\u00eb edhe Argita Malltezi, vajza e liderit t\u00eb opozit\u00ebs,\u00a0Sali Berisha.<\/p>\n<p>Edhe k\u00ebt\u00eb her\u00eb Malltezi mbante veshur bluz\u00ebn me thirrjen: \u201cLironi liderin e opozit\u00ebs\u201d.<\/p>\n<p>Qytetar\u00ebt po k\u00ebrkojn\u00eb prej jav\u00ebsh dor\u00ebheqjen e Erion Veliajt.<\/p>\n<p><img loading=\"lazy\" decoding=\"async\" class=\"alignnone size-medium wp-image-79326\" src=\"https:\/\/rdnews.al\/wp-content\/uploads\/2024\/05\/1-18-300x200.jpg\" alt=\"\" width=\"300\" height=\"200\" srcset=\"https:\/\/rdnews.al\/wp-content\/uploads\/2024\/05\/1-18-300x200.jpg 300w, https:\/\/rdnews.al\/wp-content\/uploads\/2024\/05\/1-18-768x512.jpg 768w, https:\/\/rdnews.al\/wp-content\/uploads\/2024\/05\/1-18.jpg 900w\" sizes=\"auto, (max-width: 300px) 100vw, 300px\" \/><\/p>\n","protected":false},"excerpt":{"rendered":"<p>Mes protestuesve para Bashkis\u00eb s\u00eb Tiran\u00ebs \u00ebsht\u00eb edhe Argita Malltezi, vajza e liderit t\u00eb opozit\u00ebs,\u00a0Sali Berisha. Edhe k\u00ebt\u00eb her\u00eb Malltezi mbante veshur bluz\u00ebn me thirrjen: \u201cLironi liderin e opozit\u00ebs\u201d. Qytetar\u00ebt po k\u00ebrkojn\u00eb prej jav\u00ebsh dor\u00ebheqjen e Erion Veliajt.<\/p>\n","protected":false},"author":4,"featured_media":79325,"comment_status":"closed","ping_status":"closed","sticky":false,"template":"","format":"standard","meta":{"footnotes":""},"categories":[37],"tags":[],"class_list":["post-79324","post","type-post","status-publish","format-standard","has-post-thumbnail","","category-politike"],"_links":{"self":[{"href":"https:\/\/rdnews.al\/index.php\/wp-json\/wp\/v2\/posts\/79324","targetHints":{"allow":["GET"]}}],"collection":[{"href":"https:\/\/rdnews.al\/index.php\/wp-json\/wp\/v2\/posts"}],"about":[{"href":"https:\/\/rdnews.al\/index.php\/wp-json\/wp\/v2\/types\/post"}],"author":[{"embeddable":true,"href":"https:\/\/rdnews.al\/index.php\/wp-json\/wp\/v2\/users\/4"}],"replies":[{"embeddable":true,"href":"https:\/\/rdnews.al\/index.php\/wp-json\/wp\/v2\/comments?post=79324"}],"version-history":[{"count":0,"href":"https:\/\/rdnews.al\/index.php\/wp-json\/wp\/v2\/posts\/79324\/revisions"}],"wp:featuredmedia":[{"embeddable":true,"href":"https:\/\/rdnews.al\/index.php\/wp-json\/wp\/v2\/media\/79325"}],"wp:attachment":[{"href":"https:\/\/rdnews.al\/index.php\/wp-json\/wp\/v2\/media?parent=79324"}],"wp:term":[{"taxonomy":"category","embeddable":true,"href":"https:\/\/rdnews.al\/index.php\/wp-json\/wp\/v2\/categories?post=79324"},{"taxonomy":"post_tag","embeddable":true,"href":"https:\/\/rdnews.al\/index.php\/wp-json\/wp\/v2\/tags?post=79324"}],"curies":[{"name":"wp","href":"https:\/\/api.w.org\/{rel}","templated":true}]}}