{"id":80014,"date":"2024-05-22T07:40:39","date_gmt":"2024-05-22T07:40:39","guid":{"rendered":"https:\/\/rdnews.al\/?p=80014"},"modified":"2024-05-22T11:12:13","modified_gmt":"2024-05-22T11:12:13","slug":"ekspertja-e-ekonomise-punetoret-e-huaj-e-shohin-vendin-tone-si-trampoline-per-tu-larguar","status":"publish","type":"post","link":"https:\/\/rdnews.al\/index.php\/2024\/05\/22\/ekspertja-e-ekonomise-punetoret-e-huaj-e-shohin-vendin-tone-si-trampoline-per-tu-larguar\/","title":{"rendered":"Ekspertja e ekonomis\u00eb: Pun\u00ebtor\u00ebt e huaj e shohin vendin ton\u00eb si trampolin\u00eb p\u00ebr t\u2019u larguar"},"content":{"rendered":"<p>Zana Guxholli, eksperte n\u00eb fush\u00ebn e ekonomis\u00eb, n\u00eb emisionin \u201cOpen\u201d n\u00eb News24 tha se, nuk kemi nj\u00eb hart\u00eb t\u00eb detajuar lidhur me profesionet q\u00eb k\u00ebrkohen n\u00eb Shqip\u00ebri. N\u00eb emision \u00ebsht\u00eb trajtuar \u00e7\u00ebshtja n\u00ebse 40 mij\u00eb filipinas mund t\u00eb zgjidhin problemin e boshll\u00ebkut t\u00eb krijuar n\u00eb tregun shqiptar, p\u00ebr shkak t\u00eb largimit nga Shqip\u00ebria t\u00eb shqiptar\u00ebve.<\/p>\n<p>Guxholli tha se n\u00ebse do t\u00eb kishim nj\u00eb hart\u00eb, at\u00ebher\u00eb do t\u00eb mund t\u00eb merrnim masa p\u00ebr t\u00eb mbajtur shqiptar\u00ebt k\u00ebtu, pasi nuk gjendet zgjidhja me pun\u00ebtor\u00eb t\u00eb huaj.<\/p>\n<p>N\u00eb k\u00ebt\u00eb kuad\u00ebr, Guxholli tha se Qeveria duhet t\u00eb marr\u00eb masa q\u00eb t\u00eb mos kemi k\u00ebt\u00eb hemorragji nga Shqip\u00ebria, pasi po largohen t\u00eb rinjt\u00eb, profesionist\u00eb dhe pun\u00ebtor\u00eb t\u00eb pakualifikuar.<\/p>\n<p>\u201cNuk \u00ebsht\u00eb zgjidhje ardhja e pun\u00ebtor\u00ebve t\u00eb huaj, pasi m\u00eb shum\u00eb ata e shikojn\u00eb Shqip\u00ebrin\u00eb si nj\u00eb vend trampolini p\u00ebr tu larguar\u201d,\u00a0tha Guxholli.<\/p>\n<p>Ajo u shpreh se n\u00eb Shqip\u00ebri duhet t\u00eb krijohen politika q\u00eb shqiptar\u00ebt t\u00eb punojn\u00eb k\u00ebtu dhe t\u00eb mos largohen p\u00ebr nj\u00eb t\u00eb ardhur m\u00eb shum\u00eb.<\/p>\n<p>\u201cT\u00eb rriten pagat, t\u00eb krijohen kushtet, mb\u00ebshtetja, n\u00eb m\u00ebnyr\u00eb q\u00eb student\u00ebt mos mendojn\u00eb t\u00eb largohen sapo mbarojn\u00eb shkoll\u00ebn, por t\u00eb punojn\u00eb k\u00ebtu\u201d, tha Guxholli.<\/p>\n","protected":false},"excerpt":{"rendered":"<p>Zana Guxholli, eksperte n\u00eb fush\u00ebn e ekonomis\u00eb, n\u00eb emisionin \u201cOpen\u201d n\u00eb News24 tha se, nuk kemi nj\u00eb hart\u00eb t\u00eb detajuar lidhur me profesionet q\u00eb k\u00ebrkohen n\u00eb Shqip\u00ebri. N\u00eb emision \u00ebsht\u00eb trajtuar \u00e7\u00ebshtja n\u00ebse 40 mij\u00eb filipinas mund t\u00eb zgjidhin problemin e boshll\u00ebkut t\u00eb krijuar n\u00eb tregun shqiptar, p\u00ebr shkak t\u00eb largimit nga Shqip\u00ebria t\u00eb shqiptar\u00ebve. &hellip;<\/p>\n","protected":false},"author":4,"featured_media":33102,"comment_status":"closed","ping_status":"closed","sticky":false,"template":"","format":"standard","meta":{"footnotes":""},"categories":[37],"tags":[],"class_list":["post-80014","post","type-post","status-publish","format-standard","has-post-thumbnail","","category-politike"],"_links":{"self":[{"href":"https:\/\/rdnews.al\/index.php\/wp-json\/wp\/v2\/posts\/80014","targetHints":{"allow":["GET"]}}],"collection":[{"href":"https:\/\/rdnews.al\/index.php\/wp-json\/wp\/v2\/posts"}],"about":[{"href":"https:\/\/rdnews.al\/index.php\/wp-json\/wp\/v2\/types\/post"}],"author":[{"embeddable":true,"href":"https:\/\/rdnews.al\/index.php\/wp-json\/wp\/v2\/users\/4"}],"replies":[{"embeddable":true,"href":"https:\/\/rdnews.al\/index.php\/wp-json\/wp\/v2\/comments?post=80014"}],"version-history":[{"count":0,"href":"https:\/\/rdnews.al\/index.php\/wp-json\/wp\/v2\/posts\/80014\/revisions"}],"wp:featuredmedia":[{"embeddable":true,"href":"https:\/\/rdnews.al\/index.php\/wp-json\/wp\/v2\/media\/33102"}],"wp:attachment":[{"href":"https:\/\/rdnews.al\/index.php\/wp-json\/wp\/v2\/media?parent=80014"}],"wp:term":[{"taxonomy":"category","embeddable":true,"href":"https:\/\/rdnews.al\/index.php\/wp-json\/wp\/v2\/categories?post=80014"},{"taxonomy":"post_tag","embeddable":true,"href":"https:\/\/rdnews.al\/index.php\/wp-json\/wp\/v2\/tags?post=80014"}],"curies":[{"name":"wp","href":"https:\/\/api.w.org\/{rel}","templated":true}]}}