{"id":80109,"date":"2024-05-23T08:57:14","date_gmt":"2024-05-23T08:57:14","guid":{"rendered":"https:\/\/rdnews.al\/?p=80109"},"modified":"2024-05-23T08:57:14","modified_gmt":"2024-05-23T08:57:14","slug":"pse-dumani-kyci-gojen-per-dosjet-184-dhe-339","status":"publish","type":"post","link":"https:\/\/rdnews.al\/index.php\/2024\/05\/23\/pse-dumani-kyci-gojen-per-dosjet-184-dhe-339\/","title":{"rendered":"Pse Dumani ky\u00e7i goj\u00ebn p\u00ebr dosjet 184 dhe 339"},"content":{"rendered":"<p>Kreu i SPAK, Altin Dumani n\u00eb Komisionin e Ligjeve u shpreh se s\u2019d asgj\u00eb n\u00eb lidhje me dosjet kriminale 339 dhe 184, ndon\u00ebse faktohet me z\u00eb se si mazhoranca socialiste e udh\u00ebhequr nga Edi Rama, deformoi vullnetin e popullit n\u00eb zgjedhjet e pjesshme lokale.<\/p>\n<p>Kryetari i FRPD, Besart Xhaferri n\u00eb postimin e tij n\u00eb Facebook i thekson se, pa nd\u00ebshkuar krimin elektoral, nuk ka as stabilitet as zhvillim dhe as integrim\u2019 p\u00ebr Shqip\u00ebrin\u00eb.<\/p>\n<p><strong>Reagimi <\/strong><\/p>\n<p>Dumani ky\u00e7i goj\u00ebn p\u00ebr dosjet 184 dhe 339 q\u00eb jan\u00eb n\u00eb themel t\u00eb Shqip\u00ebris\u00eb s\u00eb inkriminuar q\u00eb ai ekspozoi!<\/p>\n<p>N\u00eb seanc\u00ebn q\u00eb zgjati rreth 5 or\u00eb n\u00eb Komisionin e Ligjeve\u00a0 kreu i SPAK Altin Dumani amnistoi krimet elektorale t\u00eb nd\u00ebrkomb\u00ebtarizuara t\u00eb dosjeve 184 dhe 339.<\/p>\n<p>Ndon\u00ebse \u00ebsht\u00eb vet\u00eb nga Dibra dhe dosja 184\u00a0 i p\u00ebrket zgjedhjeve elektorale t\u00eb pjesshme\u00a0 n\u00eb Dib\u00ebr, Altin Dumani i pyetur p\u00ebr fatin e k\u00ebtyre dosjeve tha se nuk di asgj\u00eb.<\/p>\n<p>Kjo \u00ebsht\u00eb nj\u00eb marr\u00ebzi e paprecedent\u00eb, pasi panorama e kriminalizimit t\u00eb shoq\u00ebris\u00eb q\u00eb ekspozoi pjes\u00ebrisht n\u00eb at\u00eb sall\u00eb Altin Dumani rr\u00ebnj\u00ebt i ka tek krimet elektorale t\u00eb dosjeve 184 dhe 339.<\/p>\n<p>Ndoshta Dumani nuk e din q\u00eb n\u00eb dosjen e fundit Metamorfoza, ai deputeti i Ram\u00ebs q\u00eb kishte krijuar grup t\u00eb strukturuar kriminal \u00ebsht\u00eb personazh ky\u00e7 dhe n\u00eb dosjen 184.<\/p>\n<p>Damiani q\u00eb sot e kishte p\u00ebrball\u00eb n\u00eb mbledhje \u00ebsht\u00eb autori i t\u00ebrmetit elektoral dhe n\u00eb at\u00eb dosje del dhe \u201cBabloku\u201d Edi Rama q\u00eb takohet me eksponent\u00ebt e krimit, teksa del dhe Tahiri me Manj\u00ebn q\u00eb kriminalizojn\u00eb Drejtorin e Policis\u00eb s\u00eb Dibr\u00ebs, q\u00eb Manja i premton p\u00ebr ma nalt.<\/p>\n<p>Pa nd\u00ebshkuar krimin elektoral nuk ka as stabilitet as zhvillim dhe as integrim.<\/p>\n","protected":false},"excerpt":{"rendered":"<p>Kreu i SPAK, Altin Dumani n\u00eb Komisionin e Ligjeve u shpreh se s\u2019d asgj\u00eb n\u00eb lidhje me dosjet kriminale 339 dhe 184, ndon\u00ebse faktohet me z\u00eb se si mazhoranca socialiste e udh\u00ebhequr nga Edi Rama, deformoi vullnetin e popullit n\u00eb zgjedhjet e pjesshme lokale. Kryetari i FRPD, Besart Xhaferri n\u00eb postimin e tij n\u00eb Facebook &hellip;<\/p>\n","protected":false},"author":4,"featured_media":80110,"comment_status":"closed","ping_status":"closed","sticky":false,"template":"","format":"standard","meta":{"footnotes":""},"categories":[37],"tags":[],"class_list":["post-80109","post","type-post","status-publish","format-standard","has-post-thumbnail","","category-politike"],"_links":{"self":[{"href":"https:\/\/rdnews.al\/index.php\/wp-json\/wp\/v2\/posts\/80109","targetHints":{"allow":["GET"]}}],"collection":[{"href":"https:\/\/rdnews.al\/index.php\/wp-json\/wp\/v2\/posts"}],"about":[{"href":"https:\/\/rdnews.al\/index.php\/wp-json\/wp\/v2\/types\/post"}],"author":[{"embeddable":true,"href":"https:\/\/rdnews.al\/index.php\/wp-json\/wp\/v2\/users\/4"}],"replies":[{"embeddable":true,"href":"https:\/\/rdnews.al\/index.php\/wp-json\/wp\/v2\/comments?post=80109"}],"version-history":[{"count":0,"href":"https:\/\/rdnews.al\/index.php\/wp-json\/wp\/v2\/posts\/80109\/revisions"}],"wp:featuredmedia":[{"embeddable":true,"href":"https:\/\/rdnews.al\/index.php\/wp-json\/wp\/v2\/media\/80110"}],"wp:attachment":[{"href":"https:\/\/rdnews.al\/index.php\/wp-json\/wp\/v2\/media?parent=80109"}],"wp:term":[{"taxonomy":"category","embeddable":true,"href":"https:\/\/rdnews.al\/index.php\/wp-json\/wp\/v2\/categories?post=80109"},{"taxonomy":"post_tag","embeddable":true,"href":"https:\/\/rdnews.al\/index.php\/wp-json\/wp\/v2\/tags?post=80109"}],"curies":[{"name":"wp","href":"https:\/\/api.w.org\/{rel}","templated":true}]}}