{"id":80215,"date":"2024-05-24T08:47:31","date_gmt":"2024-05-24T08:47:31","guid":{"rendered":"https:\/\/rdnews.al\/?p=80215"},"modified":"2024-05-24T08:47:31","modified_gmt":"2024-05-24T08:47:31","slug":"oficeri-i-bkh-erion-veliaj-nen-hetim-per-pastrim-parash","status":"publish","type":"post","link":"https:\/\/rdnews.al\/index.php\/2024\/05\/24\/oficeri-i-bkh-erion-veliaj-nen-hetim-per-pastrim-parash\/","title":{"rendered":"Oficeri i BKH: Erion Veliaj n\u00ebn hetim p\u00ebr pastrim parash!"},"content":{"rendered":"<p>Pak dit\u00eb m\u00eb par\u00eb n\u00eb media rrodhi nj\u00eb shkres\u00eb e prokurorit t\u00eb SPAK, q\u00eb i k\u00ebrkonte bankave informacion p\u00ebr financat e Erion Veliajt dhe familjar\u00ebve t\u00eb tij.\u00a0 N\u00eb shkres\u00eb thuhet se kjo k\u00ebrkes\u00eb b\u00ebhet n\u00eb kuad\u00ebr t\u00eb procedimit penal, por pa e specifikuar, t\u00eb pakt\u00ebn n\u00eb at\u00eb pjes\u00eb t\u00eb shkres\u00ebs q\u00eb u publikua.<\/p>\n<p>Gazetarja Klodiana Lala, e ftuar n\u00eb emisionin \u201cT\u00eb Paekspozuarit\u201d,\u00a0 ka konfirmuar me burimet e saj nga nj\u00eb oficer i BKH, se ky procedim penal ka nisur me dyshimet p\u00ebr pastrimin e parave.<\/p>\n<p>\u201cPak minuta m\u00eb par\u00eb m\u00eb konfirmuan zyrtarisht, nj\u00eb oficer i BKH, q\u00eb \u00e7\u00ebshtja penale q\u00eb diskutuam ka nisur p\u00ebr vepr\u00ebn penale t\u00eb pastrimit t\u00eb produkteve t\u00eb vepr\u00ebs penale. Pra dyshime t\u00eb arsyeshme q\u00eb \u00ebsht\u00eb b\u00ebr\u00eb pastrim parash. Kjo nuk nis hetim administrativ, por \u00ebsht\u00eb \u00e7\u00ebshtje penale q\u00eb nis hetimi n\u00eb gjenez\u00eb. Ju that\u00eb jan\u00eb disa drejtor\u00eb rast\u00ebsor\u00eb, jan\u00eb tre krah\u00eb t\u00eb djatht\u00eb t\u00eb Veliajt. Krah\u00ebt e armatosur t\u00eb Veliajt, q\u00eb e kan\u00eb shoq\u00ebruar n\u00eb \u00e7do vend (Molla, Qato, Tusha)\u201d,\u00a0tha Lala.<\/p>\n","protected":false},"excerpt":{"rendered":"<p>Pak dit\u00eb m\u00eb par\u00eb n\u00eb media rrodhi nj\u00eb shkres\u00eb e prokurorit t\u00eb SPAK, q\u00eb i k\u00ebrkonte bankave informacion p\u00ebr financat e Erion Veliajt dhe familjar\u00ebve t\u00eb tij.\u00a0 N\u00eb shkres\u00eb thuhet se kjo k\u00ebrkes\u00eb b\u00ebhet n\u00eb kuad\u00ebr t\u00eb procedimit penal, por pa e specifikuar, t\u00eb pakt\u00ebn n\u00eb at\u00eb pjes\u00eb t\u00eb shkres\u00ebs q\u00eb u publikua. Gazetarja Klodiana &hellip;<\/p>\n","protected":false},"author":4,"featured_media":80216,"comment_status":"closed","ping_status":"closed","sticky":false,"template":"","format":"standard","meta":{"footnotes":""},"categories":[37],"tags":[],"class_list":["post-80215","post","type-post","status-publish","format-standard","has-post-thumbnail","","category-politike"],"_links":{"self":[{"href":"https:\/\/rdnews.al\/index.php\/wp-json\/wp\/v2\/posts\/80215","targetHints":{"allow":["GET"]}}],"collection":[{"href":"https:\/\/rdnews.al\/index.php\/wp-json\/wp\/v2\/posts"}],"about":[{"href":"https:\/\/rdnews.al\/index.php\/wp-json\/wp\/v2\/types\/post"}],"author":[{"embeddable":true,"href":"https:\/\/rdnews.al\/index.php\/wp-json\/wp\/v2\/users\/4"}],"replies":[{"embeddable":true,"href":"https:\/\/rdnews.al\/index.php\/wp-json\/wp\/v2\/comments?post=80215"}],"version-history":[{"count":0,"href":"https:\/\/rdnews.al\/index.php\/wp-json\/wp\/v2\/posts\/80215\/revisions"}],"wp:featuredmedia":[{"embeddable":true,"href":"https:\/\/rdnews.al\/index.php\/wp-json\/wp\/v2\/media\/80216"}],"wp:attachment":[{"href":"https:\/\/rdnews.al\/index.php\/wp-json\/wp\/v2\/media?parent=80215"}],"wp:term":[{"taxonomy":"category","embeddable":true,"href":"https:\/\/rdnews.al\/index.php\/wp-json\/wp\/v2\/categories?post=80215"},{"taxonomy":"post_tag","embeddable":true,"href":"https:\/\/rdnews.al\/index.php\/wp-json\/wp\/v2\/tags?post=80215"}],"curies":[{"name":"wp","href":"https:\/\/api.w.org\/{rel}","templated":true}]}}