{"id":80308,"date":"2024-05-24T18:38:53","date_gmt":"2024-05-24T18:38:53","guid":{"rendered":"https:\/\/rdnews.al\/?p=80308"},"modified":"2024-05-24T18:42:34","modified_gmt":"2024-05-24T18:42:34","slug":"berisha-emigranteve-ju-jeni-autoret-e-kapitullit-te-pare-te-demokracise-ne-shqiperi","status":"publish","type":"post","link":"https:\/\/rdnews.al\/index.php\/2024\/05\/24\/berisha-emigranteve-ju-jeni-autoret-e-kapitullit-te-pare-te-demokracise-ne-shqiperi\/","title":{"rendered":"Berisha-emigrant\u00ebve: Ju jeni autor\u00ebt e kapitullit t\u00eb par\u00eb t\u00eb demokracis\u00eb n\u00eb Shqip\u00ebri!"},"content":{"rendered":"<p>Kryetari i Partis\u00eb Demokratike, Sali Berisha gjat\u00eb fjal\u00ebs s\u00eb tij n\u00eb tubimin qytetar i\u2019u \u00ebsht\u00eb drejtuar diaspor\u00ebs dhe emigrant\u00ebve. Berisha tha se, ju jeni autor\u00ebt e kapitullit t\u00eb par\u00eb t\u00eb demokracis\u00eb n\u00eb Shqip\u00ebri.<\/p>\n<p>\u201cMir\u00ebmbr\u00ebma dhe p\u00ebrsh\u00ebndetjet m\u00eb t\u00eb zjarrta, ju q\u00ebndrestareve dhe q\u00ebndrestar\u00ebve, misionar\u00ebve t\u00eb v\u00ebrtet\u00eb t\u00eb dinjitetit njer\u00ebzor, z\u00ebdh\u00ebn\u00ebsve t\u00eb t\u00eb v\u00ebrtetave t\u00eb nj\u00eb kauze t\u00eb drejt\u00eb.<\/p>\n<p>P\u00ebrsh\u00ebndetje t\u00eb p\u00ebrzem\u00ebrt orator\u00ebve t\u00eb k\u00ebsaj platform\u00ebs t\u00eb fjal\u00ebs s\u00eb lir\u00eb, q\u00eb \u00e7do nat\u00eb shp\u00ebrndajn\u00eb t\u00eb v\u00ebrtetat e m\u00ebdha p\u00ebr Shqip\u00ebrin\u00eb dhe shqiptar\u00ebt n\u00eb t\u00eb kat\u00ebr an\u00ebt e dheut.<\/p>\n<p>T\u00eb dashur miq, sonte un\u00eb dua t\u2019u drejtohem n\u00eb em\u00ebr tuaj, n\u00eb em\u00ebr t\u00eb PD, emigrant\u00ebve dhe an\u00ebtar\u00ebve t\u00eb diaspor\u00ebs shqiptare kudo q\u00eb jan\u00eb.<\/p>\n<p>Si fillim dua t\u00eb heq m\u00ebnjan\u00eb nj\u00eb keqkuptim si ish-president, ish-kryeminist\u00ebr, m\u00eb duhet t\u00eb them se em\u00ebrtimi juaj emigrant\u00eb apo diaspor\u00eb \u00ebsht\u00eb nj\u00eb zvog\u00eblim i asaj \u00e7ka ju p\u00ebrfaq\u00ebsoni n\u00eb t\u00eb v\u00ebrtet\u00eb p\u00ebr Shqip\u00ebrin\u00eb dhe kombin shqiptar.<\/p>\n<p>Sepse r\u00ebnd\u00ebsia jetike q\u00eb ju keni p\u00ebr kombin, roli q\u00eb keni pasur n\u00eb historin\u00eb e Shqip\u00ebris\u00eb tejkalon at\u00eb t\u00eb \u00e7do diaspore tjet\u00ebr n\u00eb bot\u00eb.<\/p>\n<p>Prandaj doja q\u00eb n\u00eb fillim t\u00eb b\u00ebja k\u00ebt\u00eb sqarim.<\/p>\n<p>Ju p\u00ebrfaq\u00ebsuesit e emigracionit dhe diaspor\u00ebs ishin z\u00ebri i vet\u00ebm i kombit shqiptar 45 vite pa z\u00eb n\u00eb bot\u00eb.<\/p>\n<p>Ju u b\u00ebt\u00eb z\u00ebdh\u00ebn\u00ebsit e liris\u00eb t\u00eb nj\u00eb kombi t\u00eb shtypur dhe kontribuat me t\u00eb gjith\u00eb mund\u00ebsit\u00eb tuaja q\u00eb diktatura t\u00eb shembej.<\/p>\n<p>Por, historia e demokracis\u00eb shqiptare \u00ebsht\u00eb gjithashtu nj\u00eb epope heronjsh dhe guximtar\u00ebsh q\u00eb u larguan n\u00eb emigracion.<\/p>\n<p>Shpesh flitet p\u00ebr guxim epik t\u00eb student\u00ebve t\u00eb dhjetorit, dhe u garantoj se ai guxim epik ishte.<\/p>\n<p>Por nuk flitet aq sa duhet se ky guxim u inspirua nga rebelimi juaj epik, nga kryengritja juaj epike kur thyet Murin e Berlinit n\u00eb Tiran\u00eb dhe v\u00ebrshuat n\u00eb oborret e ambasadave t\u00eb vendeve t\u00eb lira.<\/p>\n<p>Ju nuk jeni thjesht emigrant\u00eb ju q\u00eb u larguat n\u00eb ambasada.<\/p>\n<p>Ju ishit autor\u00eb t\u00eb kapitullit t\u00eb par\u00eb t\u00eb demokracis\u00eb n\u00eb Shqip\u00ebri.<\/p>\n<p>Ju ishit fitili q\u00eb eksplodoi revolucionin antikomunist shqiptar. Rrezikuat asokohe 99 p\u00ebrqind jet\u00ebn tuaj p\u00ebr 1 p\u00ebrqind shans lirie.<\/p>\n<p>Dhe at\u00eb 1 p\u00ebrqind\u00ebsh e shnd\u00ebrruat n\u00eb \u00ebndrr\u00ebn epokale t\u00eb Shqip\u00ebris\u00eb p\u00ebr liri, dinjitet dhe demokraci\u201d, tha Berisha.<\/p>\n","protected":false},"excerpt":{"rendered":"<p>Kryetari i Partis\u00eb Demokratike, Sali Berisha gjat\u00eb fjal\u00ebs s\u00eb tij n\u00eb tubimin qytetar i\u2019u \u00ebsht\u00eb drejtuar diaspor\u00ebs dhe emigrant\u00ebve. Berisha tha se, ju jeni autor\u00ebt e kapitullit t\u00eb par\u00eb t\u00eb demokracis\u00eb n\u00eb Shqip\u00ebri. \u201cMir\u00ebmbr\u00ebma dhe p\u00ebrsh\u00ebndetjet m\u00eb t\u00eb zjarrta, ju q\u00ebndrestareve dhe q\u00ebndrestar\u00ebve, misionar\u00ebve t\u00eb v\u00ebrtet\u00eb t\u00eb dinjitetit njer\u00ebzor, z\u00ebdh\u00ebn\u00ebsve t\u00eb t\u00eb v\u00ebrtetave t\u00eb nj\u00eb &hellip;<\/p>\n","protected":false},"author":4,"featured_media":77655,"comment_status":"closed","ping_status":"closed","sticky":false,"template":"","format":"standard","meta":{"footnotes":""},"categories":[37],"tags":[],"class_list":["post-80308","post","type-post","status-publish","format-standard","has-post-thumbnail","","category-politike"],"_links":{"self":[{"href":"https:\/\/rdnews.al\/index.php\/wp-json\/wp\/v2\/posts\/80308","targetHints":{"allow":["GET"]}}],"collection":[{"href":"https:\/\/rdnews.al\/index.php\/wp-json\/wp\/v2\/posts"}],"about":[{"href":"https:\/\/rdnews.al\/index.php\/wp-json\/wp\/v2\/types\/post"}],"author":[{"embeddable":true,"href":"https:\/\/rdnews.al\/index.php\/wp-json\/wp\/v2\/users\/4"}],"replies":[{"embeddable":true,"href":"https:\/\/rdnews.al\/index.php\/wp-json\/wp\/v2\/comments?post=80308"}],"version-history":[{"count":0,"href":"https:\/\/rdnews.al\/index.php\/wp-json\/wp\/v2\/posts\/80308\/revisions"}],"wp:featuredmedia":[{"embeddable":true,"href":"https:\/\/rdnews.al\/index.php\/wp-json\/wp\/v2\/media\/77655"}],"wp:attachment":[{"href":"https:\/\/rdnews.al\/index.php\/wp-json\/wp\/v2\/media?parent=80308"}],"wp:term":[{"taxonomy":"category","embeddable":true,"href":"https:\/\/rdnews.al\/index.php\/wp-json\/wp\/v2\/categories?post=80308"},{"taxonomy":"post_tag","embeddable":true,"href":"https:\/\/rdnews.al\/index.php\/wp-json\/wp\/v2\/tags?post=80308"}],"curies":[{"name":"wp","href":"https:\/\/api.w.org\/{rel}","templated":true}]}}