{"id":80619,"date":"2024-05-29T08:33:49","date_gmt":"2024-05-29T08:33:49","guid":{"rendered":"https:\/\/rdnews.al\/?p=80619"},"modified":"2024-05-29T08:33:49","modified_gmt":"2024-05-29T08:33:49","slug":"gjokutaj-mandatin-e-berishes-e-cenon-vetem-vendimi-i-formes-se-prere","status":"publish","type":"post","link":"https:\/\/rdnews.al\/index.php\/2024\/05\/29\/gjokutaj-mandatin-e-berishes-e-cenon-vetem-vendimi-i-formes-se-prere\/","title":{"rendered":"Gjokutaj: Mandatin e Berish\u00ebs e cenon vet\u00ebm vendimi i form\u00ebs s\u00eb prer\u00eb!"},"content":{"rendered":"<p>Genc Gjokutaj, avokati i liderit t\u00eb opozit\u00ebs Sali Berisha, shpjegoi sot se masa e sigurimit nuk afekton p\u00ebrfaq\u00ebsimin e z. Berisha n\u00eb Kuvend, sepse mandatin e z. Berisha e cenon vet\u00ebm nj\u00eb vendim i form\u00ebs s\u00eb prer\u00eb.<\/p>\n<p>Nw njw intervistw n\u00eb SYRI TV\u00a0Gjokutaj ka sjell\u00eb n\u00eb v\u00ebmendje n\u00eb emisionin e m\u00ebngjesit, Kafe Shqeto,\u00a0nj\u00eb rast t\u00eb njohur n\u00eb parlamentin e Shqip\u00ebris\u00eb: \u201cKur ka ardhur puna e votimit t\u00eb Reform\u00ebs n\u00eb Drejt\u00ebsi dhe disa votime t\u00eb tjera, deputet\u00eb si Armando Prenga dhe Mark Frroku jan\u00eb marr\u00eb jo nga sht\u00ebpia, po jan\u00eb marr\u00eb nga burgu dhe jan\u00eb shp\u00ebn\u00eb n\u00eb seanc\u00eb, kan\u00eb votuar e jan\u00eb kthyer\u201d, theksoi ai.<\/p>\n<p>Pyetjes s\u00eb moderatorit Flavio Qarri, se \u00e7far\u00eb pritet t\u00eb ndodh\u00eb n\u00eb seancat e radh\u00ebs apo me vazhdim\u00ebsin\u00eb e mandatit t\u00eb \u00a0deputetit Sali Berisha, juristi i njohur iu p\u00ebrgjigj:<\/p>\n<p>Av. Gjokutaj: Ne do t\u00eb b\u00ebjm\u00eb t\u00eb gjitha p\u00ebrpjekjet ligjore, sepse kund\u00ebr \u00e7do akti q\u00eb nd\u00ebrmerr SPAK apo dhe Kuvendi nes\u00ebr apo \u00e7do organ administrativ, do t\u00eb ndjekim rrug\u00ebn ligjore t\u00eb kontestimit sepse nj\u00eb nga detyrat par\u00ebsore q\u00eb kemi dhe duhet t\u00eb ket\u00eb nj\u00eb mbrojtje, \u00ebsht\u00eb q\u00eb t\u00eb kontestoj\u00eb dhe t\u00eb v\u00ebr\u00eb n\u00eb shinat ligjore procesin, t\u00eb kontestoj\u00eb \u00e7do arbitraritet shkeljeje ligji me q\u00ebllim q\u00eb t\u00eb dokumentoj\u00eb shkeljen.<\/p>\n<p>Si\u00e7 dihet, drejt\u00ebsia \u00ebsht\u00eb nj\u00eb shkenc\u00eb jo ekzakte; ajo ka shkall\u00ebt e saj t\u00eb gjykimit deri n\u00eb Gjykat\u00ebn e t\u00eb Drejtave t\u00eb Njeriut, por duke mos i shteruar t\u00eb gjitha k\u00ebto kontestime, paligjshm\u00ebri t\u00eb b\u00ebra ndaj deputetit dhe liderit t\u00eb opozit\u00ebs Sali Berisha, sigurisht q\u00eb shum\u00eb pretendime tonat nes\u00ebr mund t\u00eb bien n\u00eb dekadenc\u00eb.<\/p>\n<p>K\u00ebshtu q\u00eb, t\u00eb pangritura, t\u00eb papretenduara, ato nuk mund t\u00eb gjykohen m\u00eb tutje n\u00eb gjykatat e m\u00ebpastajme; ky \u00ebsht\u00eb thelbi. Se \u00e7\u2019do t\u00eb ndodh\u00eb, 6-muajshi i \u201cmunges\u00ebs pa arsye\u201d&#8230;Un\u00eb mendoj se mungesa e z. Berisha \u00ebsht\u00eb jo me arsye, por \u00ebsht\u00eb e justifikuar n\u00eb baz\u00eb t\u00eb atij vendimi antikushtetues dhe antiligjor, por gjithsesi, edhe po marrim n\u00eb k\u00ebt\u00eb form\u00eb, k\u00ebshtu si\u00e7 paraqitet, un\u00eb do t\u2019ju thosha q\u00eb masa e sigurimit nuk afekton p\u00ebrfaq\u00ebsimin e z. Berisha n\u00eb Kuvend, sepse mandatin e z. Berisha e cenon vet\u00ebm nj\u00eb vendim i form\u00ebs s\u00eb prer\u00eb.<\/p>\n<p>Pra, mungesa e arsyes, mospjes\u00ebmarrja p\u00ebr 6 muaj, n\u00eb rastin konkret bie, jo vet\u00ebm se \u00ebsht\u00eb e parashikuar n\u00eb ligj, po se ka dhe nj\u00eb praktik\u00eb kuvendare n\u00ebse e dini.<\/p>\n<p><strong>Kur ka ardhur puna e votimit t\u00eb Reform\u00ebs n\u00eb Drejt\u00ebsi dhe disa votime t\u00eb tjera, deputet\u00eb si Armando Prenga dhe Mark Frroku jan\u00eb marr\u00eb jo nga sht\u00ebpia, po jan\u00eb marr\u00eb nga burgu dhe jan\u00eb shp\u00ebn\u00eb n\u00eb seanc\u00eb, \u00a0kan\u00eb votuar e jan\u00eb kthyer.<\/strong><\/p>\n<p>K\u00ebshtu ky \u00ebsht\u00eb ligji, \u00ebsht\u00eb praktika, kjo \u00ebsht\u00eb jurisprudenca e Gjykat\u00ebs Evroppiane t\u00eb t\u00eb Drejtave t\u00eb Njeriut. \u00a0Rasti turk \u00ebsht\u00eb rast klasik analog si p\u00ebr zotin Berisha, bile ai \u00ebsht\u00eb nj\u00eb lider opozite, atje n\u00eb Turqi ka ndodhur e nj\u00ebjta gj\u00eb.<\/p>\n<p>Pra nuk mund t\u2019i nd\u00ebrpritet ushtrimi i mandatit sepse ai nuk ka lidhje. Ushtrimi i mandatit nuk mund t\u00eb nd\u00ebrpritet nga nj\u00eb prezumim pafaj\u00ebsie deri n\u00eb dh\u00ebnien e nj\u00eb vendimi t\u00eb form\u00ebs s\u00eb prer\u00eb p\u00ebr nj\u00eb krim si\u00e7 edhe Kushtetuta jon\u00eb e parashikon, sepse k\u00ebto jan\u00eb t\u00eb nd\u00ebrhuthurura me njera tjetr\u00ebn\u201d.<\/p>\n","protected":false},"excerpt":{"rendered":"<p>Genc Gjokutaj, avokati i liderit t\u00eb opozit\u00ebs Sali Berisha, shpjegoi sot se masa e sigurimit nuk afekton p\u00ebrfaq\u00ebsimin e z. Berisha n\u00eb Kuvend, sepse mandatin e z. Berisha e cenon vet\u00ebm nj\u00eb vendim i form\u00ebs s\u00eb prer\u00eb. Nw njw intervistw n\u00eb SYRI TV\u00a0Gjokutaj ka sjell\u00eb n\u00eb v\u00ebmendje n\u00eb emisionin e m\u00ebngjesit, Kafe Shqeto,\u00a0nj\u00eb rast t\u00eb &hellip;<\/p>\n","protected":false},"author":4,"featured_media":69428,"comment_status":"closed","ping_status":"closed","sticky":false,"template":"","format":"standard","meta":{"footnotes":""},"categories":[37],"tags":[],"class_list":["post-80619","post","type-post","status-publish","format-standard","has-post-thumbnail","","category-politike"],"_links":{"self":[{"href":"https:\/\/rdnews.al\/index.php\/wp-json\/wp\/v2\/posts\/80619","targetHints":{"allow":["GET"]}}],"collection":[{"href":"https:\/\/rdnews.al\/index.php\/wp-json\/wp\/v2\/posts"}],"about":[{"href":"https:\/\/rdnews.al\/index.php\/wp-json\/wp\/v2\/types\/post"}],"author":[{"embeddable":true,"href":"https:\/\/rdnews.al\/index.php\/wp-json\/wp\/v2\/users\/4"}],"replies":[{"embeddable":true,"href":"https:\/\/rdnews.al\/index.php\/wp-json\/wp\/v2\/comments?post=80619"}],"version-history":[{"count":0,"href":"https:\/\/rdnews.al\/index.php\/wp-json\/wp\/v2\/posts\/80619\/revisions"}],"wp:featuredmedia":[{"embeddable":true,"href":"https:\/\/rdnews.al\/index.php\/wp-json\/wp\/v2\/media\/69428"}],"wp:attachment":[{"href":"https:\/\/rdnews.al\/index.php\/wp-json\/wp\/v2\/media?parent=80619"}],"wp:term":[{"taxonomy":"category","embeddable":true,"href":"https:\/\/rdnews.al\/index.php\/wp-json\/wp\/v2\/categories?post=80619"},{"taxonomy":"post_tag","embeddable":true,"href":"https:\/\/rdnews.al\/index.php\/wp-json\/wp\/v2\/tags?post=80619"}],"curies":[{"name":"wp","href":"https:\/\/api.w.org\/{rel}","templated":true}]}}