{"id":80647,"date":"2024-05-29T10:30:11","date_gmt":"2024-05-29T10:30:11","guid":{"rendered":"https:\/\/rdnews.al\/?p=80647"},"modified":"2024-05-29T10:30:40","modified_gmt":"2024-05-29T10:30:40","slug":"argita-malltezi-avokati-eshte-goditur-per-shkak-te-detyres-ska-konflikt-tjeter","status":"publish","type":"post","link":"https:\/\/rdnews.al\/index.php\/2024\/05\/29\/argita-malltezi-avokati-eshte-goditur-per-shkak-te-detyres-ska-konflikt-tjeter\/","title":{"rendered":"Argita Malltezi: Avokati \u00ebsht\u00eb goditur p\u00ebr shkak t\u00eb detyr\u00ebs, s&#8217;ka konflikt tjet\u00ebr"},"content":{"rendered":"<p>Argita Malltezi deklaroi nga spitali i Traum\u00ebs se Sokol M\u00ebngjesi \u00ebsht\u00eb goditur p\u00ebr shkak t\u00eb detyr\u00ebs.<\/p>\n<p><em>\u201cKush e njeh Sokolin e di sa njeri korrekt\u00a0\u00ebsht\u00eb, s\u2019ka asnj\u00eb konflikt tjet\u00ebr\u201d,<\/em>\u00a0ka deklaruar Argita Malltezi.<\/p>\n<p>Ajo u shpreh se nuk arriti dot q\u00eb t\u00eb takohej me Sokol M\u00ebngjeisn, por theksoi se ka komunikuar me mjek\u00ebt dhe familjar\u00eb t\u00eb avokatit, duke shtuar se<em>\u00a0\u201cduhet t\u00eb presim p\u00ebr t\u00eb par\u00eb gjendjen e tij\u201d.<\/em><\/p>\n<p><strong>Dhunimi i avokatit<\/strong><\/p>\n<p>Dyshohet se ngjarja ka qen\u00eb e\u00a0planifikuar pasi autor\u00ebt e kan\u00eb ndjekur prej disa dit\u00ebsh Sokol M\u00ebngjesin, i cili u dhunua sapo kishte l\u00ebn\u00eb f\u00ebmij\u00ebn n\u00eb zon\u00ebn e ish-Bllokut, itinerar q\u00eb e kryente \u00e7do m\u00ebngjes.<\/p>\n<p>Tre persona, t\u00eb cil\u00ebt ka dyshime se kishin planifikuar gjith\u00e7ka, i kan\u00eb b\u00ebr\u00eb prit\u00eb avokatit dhe e kan\u00eb dhunuar,\u00a0moment i cili \u00ebsht\u00eb filmuar edhe nga kamerat e siguris\u00eb n\u00eb zon\u00eb.<\/p>\n<p>Avokati ndodhet n\u00eb spital p\u00ebr shkak t\u00eb goditjeve\u00a0me grushte e sende t\u00eb forta. M\u00ebsohet se ai ka d\u00ebmtime dhe hemorragji n\u00eb kok\u00eb.<\/p>\n<p>Sipas gazetarit Igli \u00c7elmeta, Sokol M\u00ebngjesi ka nj\u00eb fraktur\u00eb n\u00eb kok\u00eb dhe d\u00ebmtime t\u00eb tjera n\u00eb trup, nd\u00ebrsa p\u00ebr momentin ndodhet n\u00eb urgjenc\u00eb.<\/p>\n<p>Konkretisht, avokati ka p\u00ebsuar dy fraktura, d\u00ebmtime te zona e ballit dhe pas koke.<\/p>\n<p>Ngjarja ndodhi rreth or\u00ebs 08:30 t\u00eb m\u00ebngjesit t\u00eb sot\u00ebm dhe dyshohet p\u00ebr \u00e7\u00ebshtje pron\u00ebsie.<\/p>\n<p><em>\u201cSot, rreth or\u00ebs 08:50, n\u00eb zon\u00ebn e ish-Bllokut n\u00eb Tiran\u00eb, persona ende t\u00eb paidentifikuar kan\u00eb goditur shtetasin S. M., me profesion avokat.<\/em><\/p>\n<p><em>I d\u00ebmtuari \u00ebsht\u00eb d\u00ebrguar menj\u00ebher\u00eb n\u00eb spital p\u00ebr dh\u00ebnien e ndihm\u00ebs mjek\u00ebsore dhe ndodhet n\u00ebn kujdesin e mjek\u00ebve.<\/em><\/p>\n<p><em>Gjendja e tij sh\u00ebndet\u00ebsore \u00ebsht\u00eb normale. Drejtoria Vendore e Policis\u00eb Tiran\u00eb dhe strukturat e Policis\u00eb s\u00eb Shtetit jan\u00eb angazhuar p\u00ebr identifikimin dhe kapjen e autor\u00ebve\u201d,<\/em>\u00a0njoftoi policia.<\/p>\n<p><strong>KUSH \u00cbSHT\u00cb SOKOL M\u00cbNGJESI<\/strong><\/p>\n<p>Sokol M\u00ebngjesi \u00ebsht\u00eb avokat me p\u00ebrvoj\u00eb disa vje\u00e7are n\u00eb jurisprudenc\u00eb. Ai \u00ebsht\u00eb angazhuar si ekspert n\u00eb fush\u00ebn e ndryshimeve ligjore nga institucione publike, t\u00eb tilla si Kuvendi i Shqip\u00ebris\u00eb, Ministria e Drejt\u00ebsis\u00eb dhe Shkolla e Magjistratur\u00ebs.<\/p>\n<p>Prej shtatorit t\u00eb vitit 2020, Sokol M\u00ebngjesi \u00ebsht\u00eb Dekan i Fakultetit t\u00eb Drejt\u00ebsis\u00eb n\u00eb Universitetin e Tiran\u00ebs. M\u00ebngjesi ka nj\u00eb p\u00ebrvoj\u00eb t\u00eb gjat\u00eb edhe n\u00eb m\u00ebsimdh\u00ebnie, nd\u00ebrsa \u00ebsht\u00eb autor edhe i nj\u00eb numri t\u00eb madh punimesh shkencore t\u00eb paraqitura n\u00eb konferenca shkencore komb\u00ebtare dhe nd\u00ebrkomb\u00ebtare, artikujsh shkencor\u00eb t\u00eb botuar n\u00eb revista shkencore komb\u00ebtare dhe nd\u00ebrkomb\u00ebtare, si dhe monografish e tekstesh shkollore n\u00eb Shqip\u00ebri dhe Greqi.<\/p>\n","protected":false},"excerpt":{"rendered":"<p>Argita Malltezi deklaroi nga spitali i Traum\u00ebs se Sokol M\u00ebngjesi \u00ebsht\u00eb goditur p\u00ebr shkak t\u00eb detyr\u00ebs. \u201cKush e njeh Sokolin e di sa njeri korrekt\u00a0\u00ebsht\u00eb, s\u2019ka asnj\u00eb konflikt tjet\u00ebr\u201d,\u00a0ka deklaruar Argita Malltezi. Ajo u shpreh se nuk arriti dot q\u00eb t\u00eb takohej me Sokol M\u00ebngjeisn, por theksoi se ka komunikuar me mjek\u00ebt dhe familjar\u00eb t\u00eb &hellip;<\/p>\n","protected":false},"author":3,"featured_media":80648,"comment_status":"closed","ping_status":"closed","sticky":false,"template":"","format":"standard","meta":{"footnotes":""},"categories":[37,1],"tags":[],"class_list":["post-80647","post","type-post","status-publish","format-standard","has-post-thumbnail","","category-politike","category-shendeti"],"_links":{"self":[{"href":"https:\/\/rdnews.al\/index.php\/wp-json\/wp\/v2\/posts\/80647","targetHints":{"allow":["GET"]}}],"collection":[{"href":"https:\/\/rdnews.al\/index.php\/wp-json\/wp\/v2\/posts"}],"about":[{"href":"https:\/\/rdnews.al\/index.php\/wp-json\/wp\/v2\/types\/post"}],"author":[{"embeddable":true,"href":"https:\/\/rdnews.al\/index.php\/wp-json\/wp\/v2\/users\/3"}],"replies":[{"embeddable":true,"href":"https:\/\/rdnews.al\/index.php\/wp-json\/wp\/v2\/comments?post=80647"}],"version-history":[{"count":0,"href":"https:\/\/rdnews.al\/index.php\/wp-json\/wp\/v2\/posts\/80647\/revisions"}],"wp:featuredmedia":[{"embeddable":true,"href":"https:\/\/rdnews.al\/index.php\/wp-json\/wp\/v2\/media\/80648"}],"wp:attachment":[{"href":"https:\/\/rdnews.al\/index.php\/wp-json\/wp\/v2\/media?parent=80647"}],"wp:term":[{"taxonomy":"category","embeddable":true,"href":"https:\/\/rdnews.al\/index.php\/wp-json\/wp\/v2\/categories?post=80647"},{"taxonomy":"post_tag","embeddable":true,"href":"https:\/\/rdnews.al\/index.php\/wp-json\/wp\/v2\/tags?post=80647"}],"curies":[{"name":"wp","href":"https:\/\/api.w.org\/{rel}","templated":true}]}}