{"id":80650,"date":"2024-05-29T10:46:26","date_gmt":"2024-05-29T10:46:26","guid":{"rendered":"https:\/\/rdnews.al\/?p=80650"},"modified":"2024-05-29T11:05:51","modified_gmt":"2024-05-29T11:05:51","slug":"goditja-e-avokatit-me-lev-boci-dhunuesit-dhe-urdheruesit-do-te-marrin-pergjigje-te-shpejte-politike-dhe-jo-vetem","status":"publish","type":"post","link":"https:\/\/rdnews.al\/index.php\/2024\/05\/29\/goditja-e-avokatit-me-lev-boci-dhunuesit-dhe-urdheruesit-do-te-marrin-pergjigje-te-shpejte-politike-dhe-jo-vetem\/","title":{"rendered":"Goditja e avokatit me lev\u00eb, Bo\u00e7i: Dhunuesit dhe urdh\u00ebruesit do t\u00eb marrin p\u00ebrgjigje t\u00eb shpejt\u00eb politike dhe jo vet\u00ebm!"},"content":{"rendered":"<p><strong>Nga Lu\u00e7iano BO\u00c7I<\/strong><\/p>\n<p>Goditja me leva i avokatit M\u00ebngjesi, d\u00ebshmon qartazi nervozizmin e regjimit t\u00eb Ram\u00ebs e veglave t\u00eb tij, p\u00ebrball\u00eb rritjes s\u00eb zem\u00ebrimit qytetar e rritjes s\u00eb forc\u00ebs s\u00eb opozit\u00ebs, si dhe konfirmon bashk\u00ebpunimin e tij me \u00e7do bandit t\u00eb vog\u00ebl apo t\u00eb madh p\u00ebr t\u00eb goditur \u00e7do opozit\u00eb p\u00ebrfshi dhe at\u00eb juridike.<\/p>\n<p>Avokati M\u00ebngjesi \u00ebsht\u00eb mbrojt\u00ebs jo thjesht i Berish\u00ebs, por dhe i t\u00eb v\u00ebrtetave t\u00eb opozit\u00ebs p\u00ebrball\u00eb nj\u00eb sistemi drejt\u00ebsie q\u00eb po d\u00ebshmohet \u00e7do dit\u00eb si aparat politik i regjimit.<\/p>\n<p>Ky akt \u00ebsht\u00eb kumbim alarmi i gjendjes s\u00eb drejt\u00ebsis\u00eb dhe politik\u00ebs n\u00eb Shqip\u00ebri.<\/p>\n<p>Dhunuesit dhe urdh\u00ebruesit, n\u00eb \u00e7far\u00ebdo kolltuku t\u00eb jen\u00eb ulur meritojn\u00eb nj\u00eb reagim e p\u00ebrgjigje ekzemplare. Kushdo q\u00eb ka dashur t\u00eb d\u00ebrgoj\u00eb ndonj\u00eb mesazh do t\u00eb marr\u00eb p\u00ebrgjigje t\u00eb shpejt\u00eb politike dhe jo vet\u00ebm.<\/p>\n","protected":false},"excerpt":{"rendered":"<p>Nga Lu\u00e7iano BO\u00c7I Goditja me leva i avokatit M\u00ebngjesi, d\u00ebshmon qartazi nervozizmin e regjimit t\u00eb Ram\u00ebs e veglave t\u00eb tij, p\u00ebrball\u00eb rritjes s\u00eb zem\u00ebrimit qytetar e rritjes s\u00eb forc\u00ebs s\u00eb opozit\u00ebs, si dhe konfirmon bashk\u00ebpunimin e tij me \u00e7do bandit t\u00eb vog\u00ebl apo t\u00eb madh p\u00ebr t\u00eb goditur \u00e7do opozit\u00eb p\u00ebrfshi dhe at\u00eb juridike. Avokati &hellip;<\/p>\n","protected":false},"author":4,"featured_media":80609,"comment_status":"closed","ping_status":"closed","sticky":false,"template":"","format":"standard","meta":{"footnotes":""},"categories":[37],"tags":[],"class_list":["post-80650","post","type-post","status-publish","format-standard","has-post-thumbnail","","category-politike"],"_links":{"self":[{"href":"https:\/\/rdnews.al\/index.php\/wp-json\/wp\/v2\/posts\/80650","targetHints":{"allow":["GET"]}}],"collection":[{"href":"https:\/\/rdnews.al\/index.php\/wp-json\/wp\/v2\/posts"}],"about":[{"href":"https:\/\/rdnews.al\/index.php\/wp-json\/wp\/v2\/types\/post"}],"author":[{"embeddable":true,"href":"https:\/\/rdnews.al\/index.php\/wp-json\/wp\/v2\/users\/4"}],"replies":[{"embeddable":true,"href":"https:\/\/rdnews.al\/index.php\/wp-json\/wp\/v2\/comments?post=80650"}],"version-history":[{"count":0,"href":"https:\/\/rdnews.al\/index.php\/wp-json\/wp\/v2\/posts\/80650\/revisions"}],"wp:featuredmedia":[{"embeddable":true,"href":"https:\/\/rdnews.al\/index.php\/wp-json\/wp\/v2\/media\/80609"}],"wp:attachment":[{"href":"https:\/\/rdnews.al\/index.php\/wp-json\/wp\/v2\/media?parent=80650"}],"wp:term":[{"taxonomy":"category","embeddable":true,"href":"https:\/\/rdnews.al\/index.php\/wp-json\/wp\/v2\/categories?post=80650"},{"taxonomy":"post_tag","embeddable":true,"href":"https:\/\/rdnews.al\/index.php\/wp-json\/wp\/v2\/tags?post=80650"}],"curies":[{"name":"wp","href":"https:\/\/api.w.org\/{rel}","templated":true}]}}