{"id":80664,"date":"2024-05-29T11:43:00","date_gmt":"2024-05-29T11:43:00","guid":{"rendered":"https:\/\/rdnews.al\/?p=80664"},"modified":"2024-05-29T11:43:00","modified_gmt":"2024-05-29T11:43:00","slug":"a-ndryshon-irena-me-tre-mbiemra-nga-kamikazet-e-rruges","status":"publish","type":"post","link":"https:\/\/rdnews.al\/index.php\/2024\/05\/29\/a-ndryshon-irena-me-tre-mbiemra-nga-kamikazet-e-rruges\/","title":{"rendered":"A ndryshon Irena me tre mbiemra nga kamikaz\u00ebt e rrug\u00ebs?"},"content":{"rendered":"<p><strong>Nga\u00a0Milaim NELA<\/strong><\/p>\n<p>E godit\u00ebn me bandit\u00eb me grusht n\u00eb mes t\u00eb bulevardit &#8211; d\u00ebshtuan, por nuk hoq\u00ebn dor\u00eb!<\/p>\n<p>Kurr\u00eb nuk do heqin dor\u00eb!<\/p>\n<p>E izoluan pa ligj!<\/p>\n<p>E burgos\u00ebn pa akuz\u00eb!<\/p>\n<p>E ndaluan t\u00eb ushtroj\u00eb mandatin q\u00eb ia ka dh\u00ebn\u00eb sovrani, pa ligj!<\/p>\n<p>I ndalojn\u00eb rrog\u00ebn, pa ligj!<\/p>\n<p>Po i marrin k\u00ebto vendime n\u00eb m\u00ebnyr\u00eb kaq flagrante duke dhunuar ligjet e vendit n\u00eb nj\u00eb m\u00ebnyr\u00eb q\u00eb nuk \u00ebsht\u00eb par\u00eb as n\u00eb koh\u00ebn e Aranit \u00c7el\u00ebs!<\/p>\n<p>Sot, n\u00eb nj\u00eb akt tipik mafioz paskan goditur avokatin e tij ngaq\u00eb nuk din\u00eb \u00e7\u2019t\u00eb b\u00ebjn\u00eb duke qen\u00eb se ligj\u00ebrisht e juridikisht ndihen me shpatulla pas murit!<\/p>\n<p>I jan\u00eb kthyer akteve t\u00eb banditizmit dhe vrasjeve ashtu si\u00e7 e kan\u00eb pasur tradit\u00eb!<\/p>\n<p>Drejt\u00ebsia kamikaze me veladon t\u00eb zi nuk ndryshon fare nga ai banditi me lev\u00eb q\u00eb ka goditur Sokol M\u00ebngjesin!<\/p>\n<p>Si Irena me tre mbiemra edhe ky dit\u00ebziu q\u00eb ka goditur avokatin jan\u00eb kamikaz\u00ebt e regjimit e nuk ndryshojn\u00eb aspak nga nj\u00ebri tjetri.<\/p>\n<p>Q\u00ebllimin e kan\u00eb t\u00eb nj\u00ebjt\u00eb!<\/p>\n<p>T\u00eb ngjallin frik\u00eb dhe panik, t\u00eb demonstrojn\u00eb terror!<\/p>\n<p>Mos u habisni kur ndonj\u00eb dit\u00eb ta abrogojn\u00eb edhe ligjin e avokatis\u00eb si\u00e7 b\u00ebn\u00eb baballar\u00ebt e tyre!<\/p>\n<p>Edhe nj\u00ebher\u00eb!<\/p>\n<p>Nuk e kan\u00eb me Sali Berish\u00ebn, por me secilin prej jush!<\/p>\n<p>Nuk e kan\u00eb vet\u00ebm me PD-n\u00eb, por e kan\u00eb me pluralizmin, me demokracin\u00eb!<\/p>\n<p>Kjo \u00ebsht\u00eb diktatura por ndryshe nga ajo e baballar\u00ebve, kjo e bijve t\u00eb tyre \u00ebsht\u00eb edhe e mafias!<\/p>\n<p>Ky ndryshon shteti i Edi Ram\u00ebs nga ai i Vladimir Putinit?<\/p>\n","protected":false},"excerpt":{"rendered":"<p>Nga\u00a0Milaim NELA E godit\u00ebn me bandit\u00eb me grusht n\u00eb mes t\u00eb bulevardit &#8211; d\u00ebshtuan, por nuk hoq\u00ebn dor\u00eb! Kurr\u00eb nuk do heqin dor\u00eb! E izoluan pa ligj! E burgos\u00ebn pa akuz\u00eb! E ndaluan t\u00eb ushtroj\u00eb mandatin q\u00eb ia ka dh\u00ebn\u00eb sovrani, pa ligj! I ndalojn\u00eb rrog\u00ebn, pa ligj! Po i marrin k\u00ebto vendime n\u00eb m\u00ebnyr\u00eb &hellip;<\/p>\n","protected":false},"author":4,"featured_media":46260,"comment_status":"closed","ping_status":"closed","sticky":false,"template":"","format":"standard","meta":{"footnotes":""},"categories":[44],"tags":[],"class_list":["post-80664","post","type-post","status-publish","format-standard","has-post-thumbnail","","category-editorial"],"_links":{"self":[{"href":"https:\/\/rdnews.al\/index.php\/wp-json\/wp\/v2\/posts\/80664","targetHints":{"allow":["GET"]}}],"collection":[{"href":"https:\/\/rdnews.al\/index.php\/wp-json\/wp\/v2\/posts"}],"about":[{"href":"https:\/\/rdnews.al\/index.php\/wp-json\/wp\/v2\/types\/post"}],"author":[{"embeddable":true,"href":"https:\/\/rdnews.al\/index.php\/wp-json\/wp\/v2\/users\/4"}],"replies":[{"embeddable":true,"href":"https:\/\/rdnews.al\/index.php\/wp-json\/wp\/v2\/comments?post=80664"}],"version-history":[{"count":0,"href":"https:\/\/rdnews.al\/index.php\/wp-json\/wp\/v2\/posts\/80664\/revisions"}],"wp:featuredmedia":[{"embeddable":true,"href":"https:\/\/rdnews.al\/index.php\/wp-json\/wp\/v2\/media\/46260"}],"wp:attachment":[{"href":"https:\/\/rdnews.al\/index.php\/wp-json\/wp\/v2\/media?parent=80664"}],"wp:term":[{"taxonomy":"category","embeddable":true,"href":"https:\/\/rdnews.al\/index.php\/wp-json\/wp\/v2\/categories?post=80664"},{"taxonomy":"post_tag","embeddable":true,"href":"https:\/\/rdnews.al\/index.php\/wp-json\/wp\/v2\/tags?post=80664"}],"curies":[{"name":"wp","href":"https:\/\/api.w.org\/{rel}","templated":true}]}}