{"id":80738,"date":"2024-05-30T10:05:08","date_gmt":"2024-05-30T10:05:08","guid":{"rendered":"https:\/\/rdnews.al\/?p=80738"},"modified":"2024-05-30T10:05:08","modified_gmt":"2024-05-30T10:05:08","slug":"deklarata-e-organizatorit-dhe-pikepyetjet-mbi-rolin-e-policise-ne-atentatin-ndaj-avokatit","status":"publish","type":"post","link":"https:\/\/rdnews.al\/index.php\/2024\/05\/30\/deklarata-e-organizatorit-dhe-pikepyetjet-mbi-rolin-e-policise-ne-atentatin-ndaj-avokatit\/","title":{"rendered":"Deklarata e &#8220;organizatorit&#8221; dhe pik\u00ebpyetjet mbi rolin e policis\u00eb n\u00eb atentatin ndaj avokatit"},"content":{"rendered":"<p>I akuzuari kryesor p\u00ebr sulmin ndaj avokatit ka rr\u00ebzuar alibin\u00eb e policis\u00eb duke deklaruar se nuk \u00ebsht\u00eb ai personi q\u00eb e ka organizuar atentatin ndaj avokatit M\u00ebngjesi.<\/p>\n<p>Policia shpalli alibin\u00eb e sulmit ndaj avokatit, M\u00ebngjesi n\u00eb nj\u00eb koh\u00eb q\u00eb nuk kishte asnj\u00eb nga atentator\u00ebt t\u00eb arrestuar. Si mund t\u00eb shpallet i gjith\u00eb skenari i sulmit ndaj avokatit pa pasur asnj\u00eb nga atentator\u00ebt t\u00eb arrestuar si dhe d\u00ebshmit\u00eb e tyre? N\u00eb rastin m\u00eb t\u00eb keq kjo tregon se policia paska pasur dijeni p\u00ebr t\u00eb gjith\u00eb k\u00ebt\u00eb skenar kriminal, por nuk ka reaguar. P\u00ebrse policia nuk e parandaloi k\u00ebt\u00eb krim kur kishte informaion edhe p\u00ebr takimet e b\u00ebra nj\u00eb muaj m\u00eb par\u00eb mes pal\u00ebve?<\/p>\n<p>\u201cNuk e organizova un\u00eb sulmin ndaj avokatit. Nuk kam lidhje me ngjarjen.\u201d. k\u00ebshtu ka deklaruar n\u00eb polici Dritan Nano, i cili akuzohet si organizator i sulmit ndaj avokatit Sokol M\u00ebngjesi dje n\u00eb zon\u00ebn e ish-Bllokut. D\u00ebshmia \u00ebsht\u00eb siguruar p\u00ebr Balkan\u00cbeb nga gazetari Igli \u00c7elmeta.<\/p>\n<p>Ky i fundit raporton se Nano nuk ka qen\u00eb bashk\u00ebpunues me policin\u00eb, nd\u00ebrsa kjo e fundit disponon prova t\u00eb mjaftueshme p\u00ebr ta implikuar personin n\u00eb fjal\u00eb n\u00eb k\u00ebt\u00eb ngjarje.<\/p>\n<p>Nano m\u00ebsohet se ishte n\u00eb nj\u00eb \u00e7\u00ebshtje gjyq\u00ebsore p\u00ebr nj\u00eb pron\u00eb t\u00eb Kopshti Botanik n\u00eb Tiran\u00eb, bashk\u00eb me familjar\u00eb t\u00eb tjer\u00eb, nd\u00ebrsa m\u00ebsohet se ai e kishte humbur gjyqin. Nd\u00ebrkoh\u00eb, avokati M\u00ebngjesi ishte p\u00ebrfaq\u00ebsuesi ligjor i nj\u00eb prej familjar\u00ebve. Po ashtu raportohet se Nano ka pasur lidhje krushqie dhe shoq\u00ebrore me autor\u00ebt e dyshuar t\u00eb sulmit ndaj avokatit t\u00eb ish-kryeministrit Berisha.<\/p>\n<p>Kujtojm\u00eb se si t\u00eb akuzuar p\u00ebr p\u00ebrfshirje n\u00eb ngjarje jan\u00eb; organizatori i sulmit \u2013 Dritan Nano (i arrestuar), Dorian Alia, q\u00eb u vet\u00ebdor\u00ebzua, nd\u00ebrsa n\u00eb k\u00ebrkim jan\u00eb; Elton Kasaj; Romario Tabaku si dhe Drivald Alia.<\/p>\n","protected":false},"excerpt":{"rendered":"<p>I akuzuari kryesor p\u00ebr sulmin ndaj avokatit ka rr\u00ebzuar alibin\u00eb e policis\u00eb duke deklaruar se nuk \u00ebsht\u00eb ai personi q\u00eb e ka organizuar atentatin ndaj avokatit M\u00ebngjesi. Policia shpalli alibin\u00eb e sulmit ndaj avokatit, M\u00ebngjesi n\u00eb nj\u00eb koh\u00eb q\u00eb nuk kishte asnj\u00eb nga atentator\u00ebt t\u00eb arrestuar. Si mund t\u00eb shpallet i gjith\u00eb skenari i sulmit &hellip;<\/p>\n","protected":false},"author":3,"featured_media":80739,"comment_status":"closed","ping_status":"closed","sticky":false,"template":"","format":"standard","meta":{"footnotes":""},"categories":[40],"tags":[],"class_list":["post-80738","post","type-post","status-publish","format-standard","has-post-thumbnail","","category-aktualitet"],"_links":{"self":[{"href":"https:\/\/rdnews.al\/index.php\/wp-json\/wp\/v2\/posts\/80738","targetHints":{"allow":["GET"]}}],"collection":[{"href":"https:\/\/rdnews.al\/index.php\/wp-json\/wp\/v2\/posts"}],"about":[{"href":"https:\/\/rdnews.al\/index.php\/wp-json\/wp\/v2\/types\/post"}],"author":[{"embeddable":true,"href":"https:\/\/rdnews.al\/index.php\/wp-json\/wp\/v2\/users\/3"}],"replies":[{"embeddable":true,"href":"https:\/\/rdnews.al\/index.php\/wp-json\/wp\/v2\/comments?post=80738"}],"version-history":[{"count":0,"href":"https:\/\/rdnews.al\/index.php\/wp-json\/wp\/v2\/posts\/80738\/revisions"}],"wp:featuredmedia":[{"embeddable":true,"href":"https:\/\/rdnews.al\/index.php\/wp-json\/wp\/v2\/media\/80739"}],"wp:attachment":[{"href":"https:\/\/rdnews.al\/index.php\/wp-json\/wp\/v2\/media?parent=80738"}],"wp:term":[{"taxonomy":"category","embeddable":true,"href":"https:\/\/rdnews.al\/index.php\/wp-json\/wp\/v2\/categories?post=80738"},{"taxonomy":"post_tag","embeddable":true,"href":"https:\/\/rdnews.al\/index.php\/wp-json\/wp\/v2\/tags?post=80738"}],"curies":[{"name":"wp","href":"https:\/\/api.w.org\/{rel}","templated":true}]}}