{"id":80883,"date":"2024-05-31T11:50:40","date_gmt":"2024-05-31T11:50:40","guid":{"rendered":"https:\/\/rdnews.al\/?p=80883"},"modified":"2024-05-31T11:51:18","modified_gmt":"2024-05-31T11:51:18","slug":"pd-denon-dhunen-e-gardisteve-ne-kuvend-me-urdher-te-lindita-nikolles-ama-po-perdoret-politikisht-nga-pushteti","status":"publish","type":"post","link":"https:\/\/rdnews.al\/index.php\/2024\/05\/31\/pd-denon-dhunen-e-gardisteve-ne-kuvend-me-urdher-te-lindita-nikolles-ama-po-perdoret-politikisht-nga-pushteti\/","title":{"rendered":"PD d\u00ebnon dhun\u00ebn e gardist\u00ebve n\u00eb Kuvend me urdh\u00ebr t\u00eb Lindita Nikoll\u00ebs! AMA po p\u00ebrdoret politikisht nga pushteti"},"content":{"rendered":"<p><strong>DEKLARAT\u00cb E Z\u00cbDH\u00cbN\u00cbSES S\u00cb PD, FLORIANA GARO:<\/strong><\/p>\n<p>Partia Demokratike d\u00ebnon dhun\u00ebn verbale t\u00eb gardist\u00ebve ndaj gazetar\u00ebve dje n\u00eb Kuvendin e Shqip\u00ebris\u00eb, dhe e konsideron pjes\u00eb t\u00eb p\u00ebrshkall\u00ebzimit malinj kund\u00ebr liris\u00eb s\u00eb shtypit n\u00eb Shqip\u00ebri dhe p\u00ebrpjekjeve t\u00eb qeveris\u00eb p\u00ebr t\u00eb frik\u00ebsuar gazetar\u00ebt.<\/p>\n<p>Urdhri i Lindita Nikoll\u00ebs, i zbatuar me verb\u00ebri dhe n\u00eb kap\u00ebrcim t\u00eb tagrit t\u00eb tyre nga gardist\u00ebt, \u00ebsht\u00eb pjes\u00eb e skenarit t\u00eb p\u00ebrhersh\u00ebm anti-media dhe e fshehjes s\u00eb aktivitetit qeveritar, duke zgjedhur kronikat e gatshme dhe kasetat p\u00ebr redaksit\u00eb n\u00eb vend t\u00eb transparenc\u00ebs.<\/p>\n<p>U b\u00ebjm\u00eb thirrje organizatave vendase dhe nd\u00ebrkomb\u00ebtare t\u00eb liris\u00eb s\u00eb shtypit t\u00eb reagojn\u00eb, dhe k\u00ebt\u00eb e b\u00ebn m\u00eb urgjent fakti se pasiguria p\u00ebr jet\u00ebn e personave me aktivitet publik \u00ebsht\u00eb rritur s\u00eb tep\u00ebrmi, si\u00e7 u pa n\u00eb rastin e goditjes s\u00eb avokatit t\u00eb liderit t\u00eb opozit\u00ebs, Sokol M\u00ebngjesi.<\/p>\n<p>Qeveria Rama konsideron si opozitar dhe armik k\u00ebdo q\u00eb mendon ndryshe dhe synon goditjen e tyre.<\/p>\n<p>Ne jemi n\u00eb krah t\u00eb gazetar\u00ebve n\u00eb krye t\u00eb detyr\u00ebs dhe t\u00eb k\u00ebrc\u00ebnuar p\u00ebr shkak t\u00eb saj, dhe d\u00ebnojm\u00eb \u00e7do p\u00ebrpjekje p\u00ebr t\u00eb kufizuar lirin\u00eb e z\u00ebrave q\u00eb nuk pajtohen me qeverin\u00eb.<\/p>\n<p>Fakti q\u00eb renditja e liris\u00eb s\u00eb shtypit bie vit pas viti n\u00eb raportet nd\u00ebrkomb\u00ebtare t\u00eb organizatave t\u00eb pavarura, dhe se pavar\u00ebsisht k\u00ebsaj qeveria vijon me shkeljet, d\u00ebshmon se rastet nuk jan\u00eb rast\u00ebsi por strategji qeveritare me q\u00ebllim heshtjen e s\u00eb v\u00ebrtet\u00ebs.<\/p>\n<p>Nga ana tjet\u00ebr, p\u00ebrdorimi i gazetar\u00ebve p\u00ebr q\u00ebllime t\u00eb bos\u00ebve t\u00eb tyre t\u00eb lidhur me qeverin\u00eb, n\u00eb role q\u00eb nuk kan\u00eb t\u00eb b\u00ebjn\u00eb me gazetarin\u00eb \u00ebsht\u00eb i d\u00ebnuesh\u00ebm.<\/p>\n<p>Partia Demokratike denoncon si jasht\u00eb tagrit, dhe si nj\u00eb akt t\u00eb past\u00ebr politik, thirrjen e Autoritetit t\u00eb Medias Audiovizive pas nj\u00eb incidenti n\u00eb protest\u00ebn e opozit\u00ebs t\u00eb mart\u00ebn. \u00cbsht\u00eb hera e par\u00eb q\u00eb AMA reagon dhe kjo d\u00ebshmon p\u00ebr p\u00ebrdorimin e past\u00ebr politik nga pushteti t\u00eb nj\u00eb institucioni publik.<\/p>\n<p>Reagimi jasht\u00eb tagrit t\u00eb AMA, q\u00eb \u00ebsht\u00eb monitorimi etik i hap\u00ebsir\u00ebs audiovizive dhe dh\u00ebnia apo revokimi i licencave, \u00ebsht\u00eb nj\u00eb mjerim m\u00eb vete dhe d\u00ebshmon gatishm\u00ebrin\u00eb p\u00ebr t\u2019i sh\u00ebrbyer pushtetit dhe pjes\u00ebmarrje n\u00eb orkestr\u00ebn anti-opozitare.<\/p>\n","protected":false},"excerpt":{"rendered":"<p>DEKLARAT\u00cb E Z\u00cbDH\u00cbN\u00cbSES S\u00cb PD, FLORIANA GARO: Partia Demokratike d\u00ebnon dhun\u00ebn verbale t\u00eb gardist\u00ebve ndaj gazetar\u00ebve dje n\u00eb Kuvendin e Shqip\u00ebris\u00eb, dhe e konsideron pjes\u00eb t\u00eb p\u00ebrshkall\u00ebzimit malinj kund\u00ebr liris\u00eb s\u00eb shtypit n\u00eb Shqip\u00ebri dhe p\u00ebrpjekjeve t\u00eb qeveris\u00eb p\u00ebr t\u00eb frik\u00ebsuar gazetar\u00ebt. Urdhri i Lindita Nikoll\u00ebs, i zbatuar me verb\u00ebri dhe n\u00eb kap\u00ebrcim t\u00eb tagrit &hellip;<\/p>\n","protected":false},"author":4,"featured_media":80884,"comment_status":"closed","ping_status":"closed","sticky":false,"template":"","format":"standard","meta":{"footnotes":""},"categories":[37],"tags":[],"class_list":["post-80883","post","type-post","status-publish","format-standard","has-post-thumbnail","","category-politike"],"_links":{"self":[{"href":"https:\/\/rdnews.al\/index.php\/wp-json\/wp\/v2\/posts\/80883","targetHints":{"allow":["GET"]}}],"collection":[{"href":"https:\/\/rdnews.al\/index.php\/wp-json\/wp\/v2\/posts"}],"about":[{"href":"https:\/\/rdnews.al\/index.php\/wp-json\/wp\/v2\/types\/post"}],"author":[{"embeddable":true,"href":"https:\/\/rdnews.al\/index.php\/wp-json\/wp\/v2\/users\/4"}],"replies":[{"embeddable":true,"href":"https:\/\/rdnews.al\/index.php\/wp-json\/wp\/v2\/comments?post=80883"}],"version-history":[{"count":0,"href":"https:\/\/rdnews.al\/index.php\/wp-json\/wp\/v2\/posts\/80883\/revisions"}],"wp:featuredmedia":[{"embeddable":true,"href":"https:\/\/rdnews.al\/index.php\/wp-json\/wp\/v2\/media\/80884"}],"wp:attachment":[{"href":"https:\/\/rdnews.al\/index.php\/wp-json\/wp\/v2\/media?parent=80883"}],"wp:term":[{"taxonomy":"category","embeddable":true,"href":"https:\/\/rdnews.al\/index.php\/wp-json\/wp\/v2\/categories?post=80883"},{"taxonomy":"post_tag","embeddable":true,"href":"https:\/\/rdnews.al\/index.php\/wp-json\/wp\/v2\/tags?post=80883"}],"curies":[{"name":"wp","href":"https:\/\/api.w.org\/{rel}","templated":true}]}}