{"id":81049,"date":"2024-06-03T08:33:09","date_gmt":"2024-06-03T08:33:09","guid":{"rendered":"https:\/\/rdnews.al\/?p=81049"},"modified":"2024-06-03T08:33:09","modified_gmt":"2024-06-03T08:33:09","slug":"hije-te-thella-represioni-mbi-dhunen-barbare-ndaj-avokatit-mengjesi","status":"publish","type":"post","link":"https:\/\/rdnews.al\/index.php\/2024\/06\/03\/hije-te-thella-represioni-mbi-dhunen-barbare-ndaj-avokatit-mengjesi\/","title":{"rendered":"Hije t\u00eb thella represioni mbi dhun\u00ebn barbare ndaj avokatit M\u00ebngjesi"},"content":{"rendered":"<p><strong>Nga\u00a0Ndri\u00e7im KULLA<\/strong><\/p>\n<p>Avokati i mir\u00ebnjohur Sokol M\u00ebngjes pak dit\u00eb m\u00eb par\u00eb u dhunua barbarisht\u00eb nga disa bandit\u00eb t\u00eb trustit t\u00eb lulelakr\u00ebs n\u00eb mes t\u00eb Tiran\u00ebs.<\/p>\n<p>Dal\u00ebngadal\u00eb po zbardhet dhe simbolika e err\u00ebt e k\u00ebsaj ngjarje.<br \/>\nU masakrua teksa b\u00ebnte detyr\u00ebn e tij prind\u00ebrore n\u00eb oborrin e kopshtit t\u00eb\u00a0 f\u00ebmij\u00ebs s\u00eb tij.<\/p>\n<p>Dhuna nuk ka kurr\u00eb principe, por krimi i zgjedhur n\u00eb oborrin e nj\u00eb kopshti e b\u00ebn m\u00eb \u00e7njer\u00ebzor\u00eb.<\/p>\n<p>Gj\u00ebndja e tij sipas prononcimeve zyrtare t\u00eb mjek\u00ebve \u00ebsht\u00eb e r\u00ebnd\u00eb dhe me komplikaacione afatgjata p\u00ebr jet\u00ebn e tij dhe ndoshta edhe p\u00ebr vij\u00ebm\u00ebsin\u00eb normale t\u00eb pun\u00ebs s\u00eb tij t\u00eb ardhshme si avokat mbroj\u00ebs i qytetar\u00ebve.<\/p>\n<p>Po pse u rrah dhe u godit me leva dhe me mjete t\u00eb forta me pasoja t\u00eb r\u00ebnda\u00a0 trupore?<\/p>\n<p>A nuk \u00ebsht\u00eb kjo nj\u00eb sjellje tipike fashiste, q\u00eb ka si q\u00ebllim kryesor t\u00eb\u00a0 p\u00ebrcjell nj\u00eb kumt, se forc\u00ebn e v\u00ebrtet e kemi ne\u00a0 pushteti i bandave?<\/p>\n<p>K\u00ebtu nuk ka m\u00eb dyshim, se kemi t\u00eb bejm\u00eb me nj\u00eb mesazh n\u00eb sfond :<br \/>\n\u201cE kini t\u00eb kot\u00eb q\u00eb denonconi dhe protestoni. Ne skemi vet\u00ebm uniformat e policis\u00eb, gazin lotsjell\u00ebs dhe shkopinjt\u00eb e gom\u00ebs. Ne kemi \u00e7do mjet.\u00a0 Prangat po e po, por kemi edhe bandat q\u00eb ua v\u00ebrsulim\u00a0 dhe iu b\u00ebjn\u00eb cop e\u00a0 \u00e7ik\u00eb, ku t\u00eb duam\u00a0 madje edhe pa maska.<\/p>\n<p>-Kini \u00e7far\u00eb na b\u00ebni !&#8230;<\/p>\n<p>A nuk \u00ebsht\u00eb ky nj\u00eb karshill\u00ebk i tipit fashist?<\/p>\n<p>Kjo \u00ebsht\u00eb dhun\u00eb barbare kundra opozit\u00ebs n\u00eb t\u00eb gjitha frontet\u00a0 p\u00ebr ta frenuar n\u00eb rrug\u00ebn e saj?<\/p>\n<p>Regjimi po provohet m\u00eb s\u00eb miri ska ku t\u00eb shkoj m\u00eb, se ka planifiuar qart\u00eb q\u00eb ta kthej n\u00eb val\u00eb t\u00eb re luft\u00ebn agresive kund\u00ebr opozit\u00ebs n\u00eb prag t\u00eb zgjedhjeve parlamentare.<\/p>\n<p>T\u00eb jet\u00eb edhe kjo nj\u00eb rast\u00ebsi e radh\u00ebs si dhuna n\u00eb bulevard ndaj kryetarit t\u00eb opozit\u00ebs, kur dhunuesin e\u201dpanjohur\u201c m\u00eb par\u00eb prej tyre shteti e shpalli si t\u00eb pa p\u00ebrgjegjsh\u00ebm?<\/p>\n<p>T\u00eb jet\u00eb kjo nj\u00eb rast\u00ebsi edhe me bomb\u00ebn\u00a0 \u00a0 \u00a0q\u00eb i vun\u00eb kryetarit t\u00eb PD-s\u00eb n\u00eb Vaun e Dej\u00ebs n\u00eb val\u00ebn e fushat\u00ebs elektorale t\u00eb zgjedhjeve vendore dy vjet m\u00eb pare?!..<\/p>\n<p>Kemi t\u00eb b\u00ebjm\u00eb me bresh\u00ebri rast\u00ebsish!<br \/>\nSa shum\u00eb rast\u00ebsi po e sfidojn\u00eb opozit\u00ebn e sotme, e cila po denoncon p\u00ebrdit\u00eb dhe p\u00ebr nat\u00eb tmerret kriminale t\u00eb pushtetit super t\u00eb korruptuar, ku po i dalin djajt\u00eb nj\u00eb nga nj\u00eb nga shishja e taposur?!<\/p>\n<p>Tashti mesazhi \u00ebsht\u00eb m\u00eb i err\u00ebt se mesazhet q\u00eb diktatura ka hedhur deri tashti.<\/p>\n<p>Dhunimi barbar i nj\u00eb njeriu t\u00eb s\u00eb drejt\u00ebs, \u00ebsht\u00eb nj\u00eb k\u00ebrc\u00ebnim p\u00ebr t\u2019i nd\u00ebrprer\u00eb kreut t\u00eb opozit\u00ebs edhe mbrojtjen ligjore, ashtu\u00a0 si\u00e7 po veprojn\u00eb p\u00ebrdit\u00eb me burgosjen e tij politike, p\u00ebr t\u00eb mos e lejuar t\u00eb udh\u00ebheq\u00eb opozit\u00ebn drejt fitores n\u00eb zgjedhjet e ardhshme.<\/p>\n<p>E nis\u00ebn rrug\u00ebn me non grat\u00ebn amerikane, q\u00eb n\u00eb vetvete \u00ebsht\u00eb nj\u00eb atentat i kamufluar antidemokratik. Vazhduan me non nongrat\u00ebn britanike, me grabitjen e vul\u00ebs, me dhunimin e t\u00eb drejt\u00ebs p\u00ebr t\u2019u mbrojtur n\u00eb proceset juridike dhe tashti po e k\u00ebrc\u00ebnojn\u00eb drejt\u00ebp\u00ebrdrejt me dhun\u00eb barbare bandash mbrojtjen e tij.<\/p>\n<p>Gjith\u00e7ka q\u00eb p\u00ebrfshihet n\u00eb sulmin e stilit mafioz\u00a0 t\u00eb nj\u00eb njeriu paq\u00ebsor, lektor t\u00eb dijeve m\u00ebsimore n\u00eb auditor\u00ebt e universiteritit shqiptar dhe avokatmbrojt\u00ebs i\u00a0 nj\u00eb ish-kryeministri dhe ish-presidenti n\u00eb betej\u00ebn juridike me g\u00ebrdall\u00ebn diktatur\u00eb, \u00ebsht\u00eb treguesi m\u00eb kuptimplot\u00eb, se ku ka precipituar niveli i frik\u00ebs p\u00ebr t\u00eb mos l\u00ebshuar pushetin.<\/p>\n<p>Shum\u00eb njer\u00ebz i kan\u00eb denoncuar q\u00eb n\u00eb fillimet e saj rr\u00ebnj\u00ebt e k\u00ebsaj diktature, e cila dal\u00ebngadal\u00eb, nga nj\u00eb marifet n\u00eb tjetrin ka krijuar struktr\u00ebn e saj instucionale, duke i z\u00ebn\u00eb frym\u00ebn demokracis\u00eb.<\/p>\n<p>Ja \u00e7far\u00eb po ndodh dhe me lajm\u00ebsit e pushtetit!<\/p>\n<p>Portale q\u00eb ushqehet me\u00a0 lek\u00ebt tona t\u00eb\u00a0 \u00a0 incenerator\u00ebve, p\u00ebr t\u00eb cil\u00ebn populli proteston duan ta banalizojn\u00eb duke shp\u00ebrndar\u00eb lajmin dhe duke i v\u00ebn\u00eb\u00a0 \u00a0vul\u00ebn p\u00ebrsip\u00ebr atij, se atentati \u00ebsht\u00eb b\u00ebr\u00eb p\u00ebr c\u00ebshtje pron\u00ebsie. A thua se avokati\u00a0 M\u00ebngjesi \u00ebsht\u00eb nj\u00eb naiv i lindur, q\u00eb nuk ndan\u00eb dot as kandarin e vetes s\u00eb tij, \u00e7far\u00eb i takon dhe \u00e7far\u00eb jo ?! ..<\/p>\n<p>N\u00eb sintoni si gjithon me policin\u00eb, e cila\u00a0 deklaroi se i l\u00ebnduari ishte n\u00eb gj\u00ebndje t\u00eb q\u00ebndrueshme dhe jasht\u00eb rrezikut p\u00ebr jet\u00ebn.<\/p>\n<p>Policia kishte edhe nj\u00eb rast t\u00eb tregohej profesionale dhe e paanshme por nuk e b\u00ebri dhe u fut n\u00eb loj\u00eb.<\/p>\n<p>Nuk \u00ebsht\u00eb \u00e7udi q\u00eb policia e Taulant Ball\u00ebs pak m\u00eb von\u00eb t\u00eb na shp\u00ebrndaj\u00eb ndonj\u00eb\u00a0 lajm m\u00eb \u00e7orodit\u00ebs, se dhunues\u00ebt e avokatit ishin grabit\u00ebs ose keq\u00ebb\u00ebr\u00ebs ose ndonj\u00eb t\u00eb pa th\u00ebn\u00eb t\u00eb re.\u00a0 Varet nga manualet e regjimit.<\/p>\n<p>Po kush e urren Avokatin dhe t\u00ebr\u00eb avokat\u00ebt e tjer\u00eb t\u00eb s\u00eb drejt\u00ebs ?<\/p>\n<p>Sistemi i montuar diktatorial, q\u00eb nuk do q\u00eb t\u00eb ket\u00eb m\u00eb fare as avokat mbrojt\u00ebs\u00a0 \u00a0p\u00ebr kundr\u00ebshtar\u00ebt e tij.<\/p>\n<p>Oligarkopolitikan\u00ebt q\u00eb kan\u00eb krijuar nj\u00eb bot\u00eb ekstremisht t\u00eb pabarabart\u00eb dhe duan ta b\u00ebjn\u00eb edhe m\u00eb t\u00eb pa barabart\u00a0 se kurr\u00eb Shqip\u00ebrin\u00eb .<\/p>\n<p>Kryeministri populist q\u00eb p\u00ebrhap p\u00ebr\u00e7arje dhe dezinformata me shtypin e tij q\u00eb ka n\u00ebn thund\u00ebr.<\/p>\n<p>Po qe se vazhduam k\u00ebshtu, me indiferenc\u00ebn ton\u00eb shum\u00eb shqet\u00ebsuese, duke i par\u00eb problemet tona vet\u00ebm nga pragu t\u00eb sht\u00ebpis\u00eb, fati i gjithsejcilit prej nesh do mbetet fati i skllavit\u00a0 t\u00eb v\u00ebrtet\u00eb.<\/p>\n<p>Gjithsesi lutemi q\u00eb avokat M\u00ebngjesi, nj\u00eb qytar i mir\u00eb, avakat i p\u00ebrkushtuar dhe m\u00ebsimdh\u00ebn\u00ebs, ta fitoj betej\u00ebn p\u00ebr jet\u00ebn dhe t\u2019i kthehet f\u00ebmij\u00ebs, q\u00eb la i dhunuar barbarisht tek dera e kopshti i tij , gjithashtu familjes dhe t\u00ebr\u00eb shoq\u00ebris\u00eb.<\/p>\n","protected":false},"excerpt":{"rendered":"<p>Nga\u00a0Ndri\u00e7im KULLA Avokati i mir\u00ebnjohur Sokol M\u00ebngjes pak dit\u00eb m\u00eb par\u00eb u dhunua barbarisht\u00eb nga disa bandit\u00eb t\u00eb trustit t\u00eb lulelakr\u00ebs n\u00eb mes t\u00eb Tiran\u00ebs. Dal\u00ebngadal\u00eb po zbardhet dhe simbolika e err\u00ebt e k\u00ebsaj ngjarje. U masakrua teksa b\u00ebnte detyr\u00ebn e tij prind\u00ebrore n\u00eb oborrin e kopshtit t\u00eb\u00a0 f\u00ebmij\u00ebs s\u00eb tij. Dhuna nuk ka kurr\u00eb &hellip;<\/p>\n","protected":false},"author":4,"featured_media":81050,"comment_status":"closed","ping_status":"closed","sticky":false,"template":"","format":"standard","meta":{"footnotes":""},"categories":[44],"tags":[],"class_list":["post-81049","post","type-post","status-publish","format-standard","has-post-thumbnail","","category-editorial"],"_links":{"self":[{"href":"https:\/\/rdnews.al\/index.php\/wp-json\/wp\/v2\/posts\/81049","targetHints":{"allow":["GET"]}}],"collection":[{"href":"https:\/\/rdnews.al\/index.php\/wp-json\/wp\/v2\/posts"}],"about":[{"href":"https:\/\/rdnews.al\/index.php\/wp-json\/wp\/v2\/types\/post"}],"author":[{"embeddable":true,"href":"https:\/\/rdnews.al\/index.php\/wp-json\/wp\/v2\/users\/4"}],"replies":[{"embeddable":true,"href":"https:\/\/rdnews.al\/index.php\/wp-json\/wp\/v2\/comments?post=81049"}],"version-history":[{"count":0,"href":"https:\/\/rdnews.al\/index.php\/wp-json\/wp\/v2\/posts\/81049\/revisions"}],"wp:featuredmedia":[{"embeddable":true,"href":"https:\/\/rdnews.al\/index.php\/wp-json\/wp\/v2\/media\/81050"}],"wp:attachment":[{"href":"https:\/\/rdnews.al\/index.php\/wp-json\/wp\/v2\/media?parent=81049"}],"wp:term":[{"taxonomy":"category","embeddable":true,"href":"https:\/\/rdnews.al\/index.php\/wp-json\/wp\/v2\/categories?post=81049"},{"taxonomy":"post_tag","embeddable":true,"href":"https:\/\/rdnews.al\/index.php\/wp-json\/wp\/v2\/tags?post=81049"}],"curies":[{"name":"wp","href":"https:\/\/api.w.org\/{rel}","templated":true}]}}