{"id":81060,"date":"2024-06-03T09:42:33","date_gmt":"2024-06-03T09:42:33","guid":{"rendered":"https:\/\/rdnews.al\/?p=81060"},"modified":"2024-06-03T09:46:32","modified_gmt":"2024-06-03T09:46:32","slug":"rai3-na-tregoi-sa-paguajne-banditet-per-makiazh","status":"publish","type":"post","link":"https:\/\/rdnews.al\/index.php\/2024\/06\/03\/rai3-na-tregoi-sa-paguajne-banditet-per-makiazh\/","title":{"rendered":"RAI3 na tregoi sa paguajn\u00eb bandit\u00ebt p\u00ebr makiazh"},"content":{"rendered":"<p><strong>Nga Andi BUSHATI<\/strong><\/p>\n<p>Edhe ata q\u00eb nuk e duan Edi Ram\u00ebn me siguri q\u00eb kan\u00eb ndier\u00eb keqardhje p\u00ebr t\u00eb, pas asaj q\u00eb pan\u00eb t\u00eb diel\u00ebn n\u00eb mbr\u00ebmje. N\u00eb nj\u00eb intervist\u00eb ishin mbledhur t\u00eb gjitha: tentativa e shkuar d\u00ebm p\u00ebr ta p\u00ebrqafuar dhe joshur nj\u00eb gazetar q\u00eb e pati akuzuar si shpif\u00ebs, pastaj kafja e refuzuar prej tij, m\u00eb pas p\u00ebrcjelljet e mundimshme t\u00eb p\u00ebshtym\u00ebs kur k\u00ebrkonte alibi bind\u00ebse ndaj fakteve kok\u00ebforta, me t\u00eb cilat e p\u00ebrballi Giorgio Mottola. Padyshim q\u00eb shfaqja n\u00eb Report, t\u00eb RAI 3, \u00ebsht\u00eb nj\u00eb nga paraqitjet m\u00eb t\u00eb mjeruehme televizive t\u00eb nj\u00eb kryeministri q\u00eb marr\u00ebdh\u00ebnien me median nuk e ka pik\u00ebn e tij m\u00eb t\u00eb dob\u00ebt.<\/p>\n<p>Edi Rama nuk gjeti dot asnj\u00eb justifikim bind\u00ebs ndaj akuzave t\u00eb r\u00ebnda t\u00eb Arben Ahmetajt, nj\u00eb prej njer\u00ebzve t\u00eb tij m\u00eb t\u00eb af\u00ebrt, t\u00eb cilit i dha poste t\u00eb larta n\u00eb qeveri gjat\u00eb nj\u00eb dekade. Ai u shfaq gati qesharak, me alibit\u00eb p\u00ebr takimin n\u00eb zyr\u00ebn e tij,\u00a0me nj\u00eb t\u00eb dyshuar si pastrues t\u00eb parave t\u00eb kartelit t\u00eb Sinaloas. Ai dredhoi sh\u00ebmtuar kur gazetari e pyeti n\u00ebse\u00a0Ergys Aga\u00e7i \u00ebsht\u00eb pik\u00eblidhja e tij me bot\u00ebn kriminale. Ai b\u00ebri gaf\u00eb kur tentoi, q\u00eb p\u00ebr t\u00eb mbrojtur Engj\u00ebllin q\u00eb mban n\u00eb paradhom\u00eb, p\u00ebrfundoi duke amnistuar Artur Shehun.<\/p>\n<p>Ishte e vajtueshme t\u00eb shihje shefin e qeveris\u00eb, tek rekej t\u00eb argumentonte se kullat e Tiran\u00ebs nuk po nd\u00ebrtohen me parat\u00eb e krimit, p\u00ebrball\u00eb llogaris\u00eb me shifra zyrtare q\u00eb kishte nxjerr\u00eb investigimi i Rai 3. Po ashtu, nuk ishte aspak efikase p\u00ebrpjekja p\u00ebr tu fshehur pas Melonit, sepse bashk\u00ebbiseduesi i tij ia p\u00ebrplasi n\u00eb fytyr\u00eb:\u00a0n\u00ebse kryeministrja e Italis\u00eb takohet me njer\u00ebzit e karteleve meksikane, un\u00eb do ti b\u00ebja t\u00eb nj\u00ebjtat pyetje.<\/p>\n<p>N\u00eb k\u00ebt\u00eb emision, q\u00eb i ka nxjerr\u00eb si karagjoz\u00eb shume nga intervistuesit shqiptar\u00eb t\u00eb Ram\u00ebs, p\u00ebr gjat\u00eb nj\u00eb ore, ne pam\u00eb radiografin\u00eb e nj\u00eb narko shteti dhe fytyr\u00ebn e v\u00ebrtet\u00eb t\u00eb atij q\u00eb i prin. Por sa do t\u00eb r\u00ebnda t\u00eb qen\u00eb denoncimet e ish zv\/kryeministrit, sado denoncuese lidhjet e njer\u00ebzve t\u00eb af\u00ebrt t\u00eb tij me krimin, sado t\u00eb thelluara rr\u00ebnj\u00ebt q\u00eb t\u00eb shpinin n\u00eb zem\u00ebr t\u00eb s\u00eb keqes, ato nuk p\u00ebrb\u00ebnin an\u00ebn m\u00eb interesante t\u00eb asaj q\u00eb shp\u00ebrfaqi Report.<\/p>\n<p>Ka nj\u00eb pjes\u00eb t\u00eb err\u00ebt tek e cila mediat tona po ndalen shum\u00eb pak. Ajo nuk ka t\u00eb b\u00ebj\u00eb me profinin e nj\u00eb qeverisjeje t\u00eb kriminalizuar, por me m\u00ebnyr\u00ebn se si ajo b\u00ebn makiazh p\u00ebr t\u00eb fshehur fytyr\u00ebn e v\u00ebrtet\u00eb. Andej nga fundi i emisionit, personazhe t\u00eb tij u b\u00ebn\u00eb edhe ish kryeministri italian D\u2019Alema dhe ministri aktual i \u201cMade in Italy\u201d, Adolfo Urso. Ajo q\u00eb e bashkonte k\u00ebt\u00eb lider historik t\u00eb post komunist\u00ebve italian\u00eb me eksponentin e sot\u00ebm t\u00eb qeveris\u00eb t\u00eb s\u00eb djatht\u00ebs qe vet\u00ebm nj\u00eb. Ata kan\u00eb hapur filiale t\u00eb kompanive t\u00eb tyre t\u00eb lobimit n\u00eb Tiran\u00eb. Pse? Sepse ndoshta k\u00ebtu ka m\u00eb tep\u00ebr para q\u00eb fitohen leht\u00eb, sesa n\u00eb bregun p\u00ebrball\u00eb t\u00eb Adriaktikut. Dhe kjo \u00ebsht\u00eb me sa duket arsyeja q\u00eb Massimo D\u2019Alema \u00ebsht\u00eb par\u00eb shpesh n\u00eb TV e vendit t\u00eb vet duke mburrur Edi Ram\u00ebn. T\u00eb nj\u00ebjtat arsye mund ta ken\u00eb shtyr\u00eb Usrson t\u00eb tradh\u00ebtonte partnerin e dikursh\u00ebm Becchetti, p\u00ebr t\u2019u lidhur me shefin ton\u00eb t\u00eb qeveris\u00eb.<\/p>\n<p>Historia p\u00ebrs\u00ebritet nj\u00ebsoj si n\u00eb rastin McGonigal. Ashtu si Toni Bler, q\u00eb \u201cpunon falas\u201d, nd\u00ebrkoh\u00eb q\u00eb studioja avokatore e bashk\u00ebshortes s\u00eb tij paguhet nga qeveria shqiptare, edhe n\u00eb Itali do ket\u00eb mb\u00ebrritur fjala se n\u00eb narkoshtetin e rilindjes \u00ebsht\u00eb b\u00ebr\u00eb deti kos.<\/p>\n<p>Ky \u00ebsht\u00eb n\u00eb fakt nj\u00eb nga konkluzionet m\u00eb t\u00eb r\u00ebnd\u00ebsishme t\u00eb investigimit t\u00eb RAI 3, ekzistenca e nj\u00eb rrjeti nd\u00ebrkomb\u00ebtar q\u00eb merret me kurimin e imazhit t\u00eb nj\u00eb \u00e7ete bandit\u00ebsh n\u00eb Tiran\u00eb. Ne i dim\u00eb b\u00ebmat e saj dhe pjesa d\u00ebrrmuese e gj\u00ebrave q\u00eb u than\u00eb n\u00eb emision i kishim t\u00eb d\u00ebgjuara. Por ajo q\u00eb shum\u00eb shqiptar\u00eb pyesin me habi \u00ebsht\u00eb se si ka mund\u00ebsi q\u00eb kjo kleptokraci ka mb\u00ebshtetje t\u00eb fort\u00eb perendimore. Report na e dha nj\u00eb pjes\u00eb t\u00eb p\u00ebrgjigjes. Ajo nuk gjendet vet\u00ebm n\u00eb qokat personale, si ato t\u00eb kampeve t\u00eb refugjat\u00ebve q\u00eb Rama b\u00ebri p\u00ebr Melonin. Ajo duhet k\u00ebrkuar n\u00eb shnd\u00ebrrimin e vendit n\u00eb nj\u00eb minier\u00eb ari, p\u00ebr nd\u00ebrkomb\u00ebtar\u00ebt q\u00eb pastrojn\u00eb imazhin e tij n\u00eb per\u00ebndim. Nj\u00eb pjes\u00eb e parave t\u00eb trafiqeve dhe korrupsionit ton\u00eb po majmin ish qeveritar\u00eb dhe politikan\u00eb q\u00eb shp\u00ebrblehen p\u00ebr t\u00eb b\u00ebr\u00eb propagand\u00eb n\u00eb Evrop\u00eb, ndon\u00ebs jehona e fjal\u00ebve t\u00eb tyre t\u00eb peshuara me ar, zhurmon dhe n\u00eb mjedisin ton\u00eb.<\/p>\n<p>\/Lapsi<\/p>\n","protected":false},"excerpt":{"rendered":"<p>Nga Andi BUSHATI Edhe ata q\u00eb nuk e duan Edi Ram\u00ebn me siguri q\u00eb kan\u00eb ndier\u00eb keqardhje p\u00ebr t\u00eb, pas asaj q\u00eb pan\u00eb t\u00eb diel\u00ebn n\u00eb mbr\u00ebmje. N\u00eb nj\u00eb intervist\u00eb ishin mbledhur t\u00eb gjitha: tentativa e shkuar d\u00ebm p\u00ebr ta p\u00ebrqafuar dhe joshur nj\u00eb gazetar q\u00eb e pati akuzuar si shpif\u00ebs, pastaj kafja e refuzuar &hellip;<\/p>\n","protected":false},"author":4,"featured_media":0,"comment_status":"closed","ping_status":"closed","sticky":false,"template":"","format":"standard","meta":{"footnotes":""},"categories":[44],"tags":[],"class_list":["post-81060","post","type-post","status-publish","format-standard","","category-editorial"],"_links":{"self":[{"href":"https:\/\/rdnews.al\/index.php\/wp-json\/wp\/v2\/posts\/81060","targetHints":{"allow":["GET"]}}],"collection":[{"href":"https:\/\/rdnews.al\/index.php\/wp-json\/wp\/v2\/posts"}],"about":[{"href":"https:\/\/rdnews.al\/index.php\/wp-json\/wp\/v2\/types\/post"}],"author":[{"embeddable":true,"href":"https:\/\/rdnews.al\/index.php\/wp-json\/wp\/v2\/users\/4"}],"replies":[{"embeddable":true,"href":"https:\/\/rdnews.al\/index.php\/wp-json\/wp\/v2\/comments?post=81060"}],"version-history":[{"count":0,"href":"https:\/\/rdnews.al\/index.php\/wp-json\/wp\/v2\/posts\/81060\/revisions"}],"wp:attachment":[{"href":"https:\/\/rdnews.al\/index.php\/wp-json\/wp\/v2\/media?parent=81060"}],"wp:term":[{"taxonomy":"category","embeddable":true,"href":"https:\/\/rdnews.al\/index.php\/wp-json\/wp\/v2\/categories?post=81060"},{"taxonomy":"post_tag","embeddable":true,"href":"https:\/\/rdnews.al\/index.php\/wp-json\/wp\/v2\/tags?post=81060"}],"curies":[{"name":"wp","href":"https:\/\/api.w.org\/{rel}","templated":true}]}}