{"id":81064,"date":"2024-06-03T09:52:38","date_gmt":"2024-06-03T09:52:38","guid":{"rendered":"https:\/\/rdnews.al\/?p=81064"},"modified":"2024-06-03T09:52:38","modified_gmt":"2024-06-03T09:52:38","slug":"mjeket-avokati-sokol-mengjesi-do-te-beje-zgjim-gradual-nga-intubimi","status":"publish","type":"post","link":"https:\/\/rdnews.al\/index.php\/2024\/06\/03\/mjeket-avokati-sokol-mengjesi-do-te-beje-zgjim-gradual-nga-intubimi\/","title":{"rendered":"Mjek\u00ebt: Avokati Sokol M\u00ebngjesi do t\u00eb b\u00ebj\u00eb zgjim gradual nga intubimi"},"content":{"rendered":"<p>Jan\u00eb zbardhur detaje t\u00eb reja nga gjendja sh\u00ebndet\u00ebsore e avokatit Sokol M\u00ebngjesi, i cili prej 6 dit\u00ebsh ndodhet n\u00eb intubim, pasi u dhunua barbarisht nga tre persona n\u00eb zon\u00ebn e ish-bllokut n\u00eb Tiran\u00eb.<\/p>\n<p>M\u00ebsohet se avokatit i \u00ebsht\u00eb b\u00ebr\u00eb skaneri dhe \u00ebsht\u00eb par\u00eb nj\u00eb ulje e \u00ebnjtjes n\u00eb tru dhe sipas burimeve ka p\u00ebrmir\u00ebsime dhe gjendja \u00ebsht\u00eb e stabilizuar.<\/p>\n<p>Mjek\u00ebn kan\u00eb filluar t\u2019ia ulin gradualisht medikamentin q\u00eb e mban n\u00eb gjum\u00eb, p\u00ebr t\u00eb b\u00ebr\u00eb zgjim gradual, teksa do t\u00eb mbahet edhe dy dit\u00eb n\u00eb intubim p\u00ebr t\u00eb mos rrezikuar.<\/p>\n","protected":false},"excerpt":{"rendered":"<p>Jan\u00eb zbardhur detaje t\u00eb reja nga gjendja sh\u00ebndet\u00ebsore e avokatit Sokol M\u00ebngjesi, i cili prej 6 dit\u00ebsh ndodhet n\u00eb intubim, pasi u dhunua barbarisht nga tre persona n\u00eb zon\u00ebn e ish-bllokut n\u00eb Tiran\u00eb. M\u00ebsohet se avokatit i \u00ebsht\u00eb b\u00ebr\u00eb skaneri dhe \u00ebsht\u00eb par\u00eb nj\u00eb ulje e \u00ebnjtjes n\u00eb tru dhe sipas burimeve ka p\u00ebrmir\u00ebsime dhe &hellip;<\/p>\n","protected":false},"author":4,"featured_media":81065,"comment_status":"closed","ping_status":"closed","sticky":false,"template":"","format":"standard","meta":{"footnotes":""},"categories":[37],"tags":[],"class_list":["post-81064","post","type-post","status-publish","format-standard","has-post-thumbnail","","category-politike"],"_links":{"self":[{"href":"https:\/\/rdnews.al\/index.php\/wp-json\/wp\/v2\/posts\/81064","targetHints":{"allow":["GET"]}}],"collection":[{"href":"https:\/\/rdnews.al\/index.php\/wp-json\/wp\/v2\/posts"}],"about":[{"href":"https:\/\/rdnews.al\/index.php\/wp-json\/wp\/v2\/types\/post"}],"author":[{"embeddable":true,"href":"https:\/\/rdnews.al\/index.php\/wp-json\/wp\/v2\/users\/4"}],"replies":[{"embeddable":true,"href":"https:\/\/rdnews.al\/index.php\/wp-json\/wp\/v2\/comments?post=81064"}],"version-history":[{"count":0,"href":"https:\/\/rdnews.al\/index.php\/wp-json\/wp\/v2\/posts\/81064\/revisions"}],"wp:featuredmedia":[{"embeddable":true,"href":"https:\/\/rdnews.al\/index.php\/wp-json\/wp\/v2\/media\/81065"}],"wp:attachment":[{"href":"https:\/\/rdnews.al\/index.php\/wp-json\/wp\/v2\/media?parent=81064"}],"wp:term":[{"taxonomy":"category","embeddable":true,"href":"https:\/\/rdnews.al\/index.php\/wp-json\/wp\/v2\/categories?post=81064"},{"taxonomy":"post_tag","embeddable":true,"href":"https:\/\/rdnews.al\/index.php\/wp-json\/wp\/v2\/tags?post=81064"}],"curies":[{"name":"wp","href":"https:\/\/api.w.org\/{rel}","templated":true}]}}