{"id":81070,"date":"2024-06-03T10:13:22","date_gmt":"2024-06-03T10:13:22","guid":{"rendered":"https:\/\/rdnews.al\/?p=81070"},"modified":"2024-06-03T10:13:22","modified_gmt":"2024-06-03T10:13:22","slug":"rama-paditet-ne-spak-per-pasurine-dhe-shpenzimet-e-marramendese","status":"publish","type":"post","link":"https:\/\/rdnews.al\/index.php\/2024\/06\/03\/rama-paditet-ne-spak-per-pasurine-dhe-shpenzimet-e-marramendese\/","title":{"rendered":"Rama paditet n\u00eb SPAK p\u00ebr pasurin\u00eb dhe shpenzimet e marramend\u00ebse"},"content":{"rendered":"<p>Aktivistja dhe avokatja e njohur Adriana Kalaja ka b\u00ebr\u00eb nj\u00eb kall\u00ebzim t\u00eb ri sot n\u00eb Struktur\u00ebn e Posa\u00e7me Anti-Korrupsion lidhur me pronat, pasurimin dhe munges\u00ebn e transparenc\u00ebs p\u00ebr shpenzimet e m\u00ebdha t\u00eb kryeministrit Edi Rama, t\u00eb bashk\u00ebshortes s\u00eb tij Lindita Rama dhe t\u00eb v\u00ebllait t\u00eb tij, Olsi Rama. Kujtojm\u00eb se familja Rama ndoqi drejp\u00ebrdrejt s\u00eb fundmi nga stadiumi, ndeshjen finale t\u00eb Champions.<\/p>\n<p>N\u00eb nj\u00eb deklarat\u00eb p\u00ebr media, Kalaja sqaroi m\u00eb holl\u00ebsisht se p\u00ebr \u00e7far\u00eb b\u00ebnte fjal\u00eb ky kall\u00ebzim i ri p\u00ebr an\u00ebtar\u00ebt e familjes kryeministrore \u201cdhe \u00a0shum\u00eb zyrtar\u00eb t\u00eb tjer\u00eb, t\u00eb identifikuar dhe t\u00eb paidentifikuar p\u00ebr ne, t\u00eb cil\u00ebt dyshohen se kan\u00eb konsumuar veprat penale, ato m\u00eb t\u00eb r\u00ebnd\u00ebsishmet, si\u00e7 jan\u00eb \u201ckorrupsioni pasiv\u201d, \u201cpastrimi i produktit t\u00eb veprave penale\u201d dhe \u201cgrup i strukturuar kriminal\u201d \u00a0drejtuar nga kryeministri Edi Rama.<\/p>\n<p>\u201cFillimisht, pjes\u00eb e k\u00ebtij kall\u00ebzimi \u00ebsht\u00eb m\u00ebnyra se si \u00ebsht\u00eb p\u00ebrvet\u00ebsuar prona n\u00eb Surrel. Kemi evidentuar me fakte dhe prova se si jan\u00eb falsifikuar shkresat, se si kjo tok\u00eb n\u00eb nj\u00eb zon\u00eb t\u00eb mbrojtur \u00ebsht\u00eb marr\u00eb me dymij\u00eb lek\u00eb t\u00eb vjetra p\u00ebr met\u00ebr katror dhe \u00ebsht\u00eb marr\u00eb duke falsifikuar dokumentet zyrtare nga vjehrra e nj\u00eb ish-zyrtari t\u00eb PS, q\u00eb sot \u00ebsht\u00eb ambasador n\u00eb Amerik\u00eb.<\/p>\n<p>Nga ana tjet\u00ebr, pjes\u00eb e k\u00ebtij kall\u00ebzimi \u00ebsht\u00eb dhe veprimtaria e paligjshme gjat\u00eb k\u00ebsaj periudhe e bashk\u00ebshortes s\u00eb kryeministrit Edi Rama dhe k\u00ebto jan\u00eb fiks n\u00eb t\u00eb nj\u00ebjt\u00ebn linj\u00eb, pra me t\u00eb nj\u00ebjtin precedent si\u00e7 \u00ebsht\u00eb b\u00ebr\u00eb edhe p\u00ebr tok\u00ebn e bashk\u00ebshortit t\u00eb ministres Olta Xha\u00e7ka.<\/p>\n<p>Pra investohen personalisht, por jo n\u00eb emrin e tyre, po duke futur persona t\u00eb tjer\u00eb dhe un\u00eb p\u00ebr k\u00ebt\u00eb, p\u00ebr t\u00eb ruajtur n\u00eb fakt edhe sekretin hetimor, do t\u2019ju b\u00ebj publike vet\u00ebm nj\u00eb shkres\u00eb.<\/p>\n<p>\u00cbsht\u00eb nj\u00eb shkres\u00eb e vitit 2008, ku Lindita Xhillarri, sot Lindita Rama \u00ebsht\u00eb interesuar p\u00ebr t\u00eb nj\u00ebjt\u00ebn pron\u00eb p\u00ebr t\u00eb cil\u00ebn pastaj, me falsifikime me ushtrim t\u00eb ndikimit t\u00eb paligjsh\u00ebm e kan\u00eb b\u00ebr\u00eb si tok\u00eb ar\u00eb q\u00eb \u00ebsht\u00eb ndar\u00eb me ligjin 7501.<\/p>\n<p>Pra sot, vila n\u00eb Surrel \u00ebsht\u00eb nd\u00ebrtuar pik\u00ebrisht mbi k\u00ebt\u00eb pron\u00eb q\u00eb \u00ebsht\u00eb interesuar Lindita Xhillari \u2013 sot Lindita Rama \u2013 n\u00eb vitin 2008.<\/p>\n<p>Nga ana tjet\u00ebr kemi evidentuar sesi prefektura, qoft\u00eb e koh\u00ebs n\u00eb vitin 2012, qoft\u00eb prefektura gjat\u00eb fillimeve t\u00eb qeverisjes s\u00eb Edi Ram\u00ebs, e ka evidentuar si tok\u00eb t\u00eb marr\u00eb n\u00eb kund\u00ebrshtim me ligjin. Ka marr\u00eb dhe vendim p\u00ebr anulimin e ATMP-ve dhe vjen nj\u00eb moment shum\u00eb i \u00e7uditsh\u00ebm n\u00eb sistemin e drejt\u00ebsis\u00eb \u201cs\u00eb re\u201d t\u00eb ngritur nga rilindja, ku me urdh\u00ebr t\u00eb Artan Lames, juristja heq dor\u00eb nga gjykimi pa paraqitur asnj\u00eb prov\u00eb t\u00eb re.<\/p>\n<p>Momenti i dyt\u00eb q\u00eb kemi ngritur n\u00eb k\u00ebt\u00eb padi t\u00eb re \u00ebsht\u00eb momenti q\u00eb lidhet me shpenzimet marramend\u00ebse q\u00eb Edi Rama me bashk\u00ebshorten e tij, qoft\u00eb edhe m\u00eb v\u00ebllan\u00eb e tij dhe me Sekretarin e P\u00ebrgjithsh\u00ebm b\u00ebjn\u00eb dhe ne nuk kemi asnj\u00eb informacion kush i paguan k\u00ebto shpenzime.<\/p>\n<p>Momenti m\u00eb i fundit, \u00ebsht\u00eb prania e tyre n\u00eb stadium n\u00eb ndeshjen filane t\u00eb Champsions bashk\u00eb me bashk\u00ebshorten duke mos dh\u00ebn\u00eb asnj\u00eb transparenc\u00eb asnj\u00eb informacion p\u00ebr publikun se kush i paguan k\u00ebto shpenzime marramend\u00ebse.<\/p>\n<p>Dhe pjesa e tret\u00eb q\u00eb kemi ngritur n\u00eb k\u00ebt\u00eb kall\u00ebzim ka t\u00eb b\u00ebj\u00eb me denoncimin nga RAI3&#8230;\u201d, tha Kalaja.<\/p>\n","protected":false},"excerpt":{"rendered":"<p>Aktivistja dhe avokatja e njohur Adriana Kalaja ka b\u00ebr\u00eb nj\u00eb kall\u00ebzim t\u00eb ri sot n\u00eb Struktur\u00ebn e Posa\u00e7me Anti-Korrupsion lidhur me pronat, pasurimin dhe munges\u00ebn e transparenc\u00ebs p\u00ebr shpenzimet e m\u00ebdha t\u00eb kryeministrit Edi Rama, t\u00eb bashk\u00ebshortes s\u00eb tij Lindita Rama dhe t\u00eb v\u00ebllait t\u00eb tij, Olsi Rama. Kujtojm\u00eb se familja Rama ndoqi drejp\u00ebrdrejt s\u00eb &hellip;<\/p>\n","protected":false},"author":4,"featured_media":0,"comment_status":"closed","ping_status":"closed","sticky":false,"template":"","format":"standard","meta":{"footnotes":""},"categories":[37],"tags":[],"class_list":["post-81070","post","type-post","status-publish","format-standard","","category-politike"],"_links":{"self":[{"href":"https:\/\/rdnews.al\/index.php\/wp-json\/wp\/v2\/posts\/81070","targetHints":{"allow":["GET"]}}],"collection":[{"href":"https:\/\/rdnews.al\/index.php\/wp-json\/wp\/v2\/posts"}],"about":[{"href":"https:\/\/rdnews.al\/index.php\/wp-json\/wp\/v2\/types\/post"}],"author":[{"embeddable":true,"href":"https:\/\/rdnews.al\/index.php\/wp-json\/wp\/v2\/users\/4"}],"replies":[{"embeddable":true,"href":"https:\/\/rdnews.al\/index.php\/wp-json\/wp\/v2\/comments?post=81070"}],"version-history":[{"count":0,"href":"https:\/\/rdnews.al\/index.php\/wp-json\/wp\/v2\/posts\/81070\/revisions"}],"wp:attachment":[{"href":"https:\/\/rdnews.al\/index.php\/wp-json\/wp\/v2\/media?parent=81070"}],"wp:term":[{"taxonomy":"category","embeddable":true,"href":"https:\/\/rdnews.al\/index.php\/wp-json\/wp\/v2\/categories?post=81070"},{"taxonomy":"post_tag","embeddable":true,"href":"https:\/\/rdnews.al\/index.php\/wp-json\/wp\/v2\/tags?post=81070"}],"curies":[{"name":"wp","href":"https:\/\/api.w.org\/{rel}","templated":true}]}}