{"id":81095,"date":"2024-06-03T11:48:48","date_gmt":"2024-06-03T11:48:48","guid":{"rendered":"https:\/\/rdnews.al\/?p=81095"},"modified":"2024-06-03T11:48:48","modified_gmt":"2024-06-03T11:48:48","slug":"mourinho-ndez-stambollin-fenerbahce-tani-familja-ime","status":"publish","type":"post","link":"https:\/\/rdnews.al\/index.php\/2024\/06\/03\/mourinho-ndez-stambollin-fenerbahce-tani-familja-ime\/","title":{"rendered":"Mourinho ndez Stambollin: Fenerbahce, tani familja ime!"},"content":{"rendered":"<p>2 qershori \u00ebsht\u00eb nj\u00eb dit\u00eb q\u00eb do t\u00eb kujtohet gjat\u00eb n\u00eb bot\u00ebn e futbollit turk, \u00ebsht\u00eb dita kur n\u00eb Stamboll zbarkoi nj\u00eb trajner special, Jose Mourinho. Me mij\u00ebra tifoz\u00eb i rezervuan nj\u00eb pritje fantastike, nj\u00eb pritje t\u00eb denj\u00eb p\u00ebr nj\u00eb trajner kaq t\u00eb madh. Nga aeroporti n\u00eb stadium, tekniku portugez p\u00ebrjetoi nj\u00eb ngroht\u00ebsi, nj\u00eb dashuri t\u00eb pamas\u00eb. N\u00eb raste t\u00eb till\u00eb, Mou di si t\u00eb rr\u00ebmbej\u00eb sken\u00ebn, ku menj\u00ebher\u00eb iu drejtua tifoz\u00ebve m\u00eb fjal\u00eb t\u00eb m\u00ebdha.<\/p>\n<p>\u201cJam k\u00ebtu p\u00ebr t\u00eb ndihmuar futbollin turk t\u00eb rritet, por gj\u00ebja m\u00eb e r\u00ebnd\u00ebsishme \u00ebsht\u00eb Fenerbahce. Nga tani e tutje, \u00ebndrrat tua jan\u00eb edhe \u00ebndrrat e mia. Futbolli \u00ebsht\u00eb pasion, mendoj se jam n\u00eb nj\u00eb nga vendet m\u00eb t\u00eb mira p\u00ebr t\u00eb ndjer\u00eb k\u00ebt\u00eb pasion. Q\u00eb kur takova presidentin e klubit, Ali Koca, mund t\u00eb them se d\u00ebshiroja t\u00eb isha k\u00ebtu. E them me gjith\u00eb zem\u00ebr, d\u00ebshiroja t\u00eb isha k\u00ebtu p\u00ebr t\u00eb ndjer\u00eb pasionin tuaj. Tani jam pjes\u00eb e familjes tuaj. Kjo fanell\u00eb do t\u00eb jet\u00eb l\u00ebkura dhe kockat e mia. Dua t\u2019iu fal\u00ebnderoj p\u00ebr dashurin\u00eb tuaj\u201d, u shpreh nd\u00ebr t\u00eb tjera Jose Mourinho.<\/p>\n<p>Transferimi i Jose Mourinho-s te Fenerbahce trazoi jo pak futbollin turk, por mbi t\u00eb gjitha Stambollin. Portugezi u lakua k\u00ebt\u00eb periudh\u00eb edhe p\u00ebr nj\u00eb transferim t\u00eb mundsh\u00ebm te Beshiktash, por presidenti i klubit ku b\u00ebn pjes\u00eb edhe Mu\u00e7i, theksoi se transferimi i nj\u00eb trajneri si Mourinho do t\u00eb rendonte shum\u00eb bilancet e klubit.<\/p>\n","protected":false},"excerpt":{"rendered":"<p>2 qershori \u00ebsht\u00eb nj\u00eb dit\u00eb q\u00eb do t\u00eb kujtohet gjat\u00eb n\u00eb bot\u00ebn e futbollit turk, \u00ebsht\u00eb dita kur n\u00eb Stamboll zbarkoi nj\u00eb trajner special, Jose Mourinho. Me mij\u00ebra tifoz\u00eb i rezervuan nj\u00eb pritje fantastike, nj\u00eb pritje t\u00eb denj\u00eb p\u00ebr nj\u00eb trajner kaq t\u00eb madh. Nga aeroporti n\u00eb stadium, tekniku portugez p\u00ebrjetoi nj\u00eb ngroht\u00ebsi, nj\u00eb dashuri &hellip;<\/p>\n","protected":false},"author":4,"featured_media":81096,"comment_status":"closed","ping_status":"closed","sticky":false,"template":"","format":"standard","meta":{"footnotes":""},"categories":[39],"tags":[],"class_list":["post-81095","post","type-post","status-publish","format-standard","has-post-thumbnail","","category-sport"],"_links":{"self":[{"href":"https:\/\/rdnews.al\/index.php\/wp-json\/wp\/v2\/posts\/81095","targetHints":{"allow":["GET"]}}],"collection":[{"href":"https:\/\/rdnews.al\/index.php\/wp-json\/wp\/v2\/posts"}],"about":[{"href":"https:\/\/rdnews.al\/index.php\/wp-json\/wp\/v2\/types\/post"}],"author":[{"embeddable":true,"href":"https:\/\/rdnews.al\/index.php\/wp-json\/wp\/v2\/users\/4"}],"replies":[{"embeddable":true,"href":"https:\/\/rdnews.al\/index.php\/wp-json\/wp\/v2\/comments?post=81095"}],"version-history":[{"count":0,"href":"https:\/\/rdnews.al\/index.php\/wp-json\/wp\/v2\/posts\/81095\/revisions"}],"wp:featuredmedia":[{"embeddable":true,"href":"https:\/\/rdnews.al\/index.php\/wp-json\/wp\/v2\/media\/81096"}],"wp:attachment":[{"href":"https:\/\/rdnews.al\/index.php\/wp-json\/wp\/v2\/media?parent=81095"}],"wp:term":[{"taxonomy":"category","embeddable":true,"href":"https:\/\/rdnews.al\/index.php\/wp-json\/wp\/v2\/categories?post=81095"},{"taxonomy":"post_tag","embeddable":true,"href":"https:\/\/rdnews.al\/index.php\/wp-json\/wp\/v2\/tags?post=81095"}],"curies":[{"name":"wp","href":"https:\/\/api.w.org\/{rel}","templated":true}]}}