{"id":81238,"date":"2024-06-04T10:43:42","date_gmt":"2024-06-04T10:43:42","guid":{"rendered":"https:\/\/rdnews.al\/?p=81238"},"modified":"2024-06-04T10:43:42","modified_gmt":"2024-06-04T10:43:42","slug":"protestuesit-heqin-gardhin-e-policise-te-enjten-te-gjithe-perpara-kuvendit","status":"publish","type":"post","link":"https:\/\/rdnews.al\/index.php\/2024\/06\/04\/protestuesit-heqin-gardhin-e-policise-te-enjten-te-gjithe-perpara-kuvendit\/","title":{"rendered":"Protestuesit heqin gardhin e policis\u00eb! T\u00eb enjten t\u00eb gjith\u00eb p\u00ebrpara Kuvendit!"},"content":{"rendered":"<div class=\"readmore-text-here\">\n<p>Protesta e dhjet\u00eb e qytetar\u00ebve p\u00ebrpara Bashkis\u00eb s\u00eb Tiran\u00ebs \u00ebsht\u00eb mbyllur mes tensioneve. Protestuesit kan\u00eb hequr gardhin metalik q\u00eb rrethonte godin\u00ebn.<\/p>\n<p>Po ashtu ata i kan\u00eb vendosur zjarrin disa gomave n\u00eb shenj\u00eb revolte dhe kan\u00eb hedhur molotov\u00eb.<\/p>\n<p>N\u00eb mbyllje t\u00eb protest\u00ebs \u00ebsht\u00eb b\u00ebr\u00eb thirrje p\u00ebr pjes\u00ebmarrje masive t\u00eb enjten n\u00eb protest\u00ebn e or\u00ebs 10:00 p\u00ebrpara Kuvendit.<\/p>\n<p>Kurse protesta e radh\u00ebs p\u00ebrpara Bashkis\u00eb s\u00eb Tiran\u00ebs do t\u00eb jet\u00eb n\u00eb or\u00ebn 11:00 m\u00eb dat\u00eb 10 qershor.<\/p>\n<div class=\"fotogaleri\">\n<div class=\"bx-wrapper\">\n<div class=\"bx-viewport\">\n<ul class=\"read-slider\">\n<li><a href=\"https:\/\/www.syri.net\/fotogaleria\/694246\/mbyllet-protesta-protestuesit-heqin-gardhin-dhe-bejne-thirrje-te-enjten-te-gjithe-perpara-kuvendit-foto\/\" target=\"_blank\" rel=\"noopener\"><img decoding=\"async\" src=\"https:\/\/www.syri.net\/uploads\/syri.net\/images\/2024\/June\/04\/auto_gardhi21717497026.jpg\" \/><i class=\"fa fa-search-plus syri_zoom\" aria-hidden=\"true\"><\/i><\/a><\/li>\n<\/ul>\n<\/div>\n<div class=\"bx-controls bx-has-pager bx-has-controls-direction\">\n<div class=\"bx-pager bx-default-pager\">1 \/ 8<\/div>\n<\/div>\n<\/div>\n<\/div>\n<\/div>\n","protected":false},"excerpt":{"rendered":"<p>Protesta e dhjet\u00eb e qytetar\u00ebve p\u00ebrpara Bashkis\u00eb s\u00eb Tiran\u00ebs \u00ebsht\u00eb mbyllur mes tensioneve. Protestuesit kan\u00eb hequr gardhin metalik q\u00eb rrethonte godin\u00ebn. Po ashtu ata i kan\u00eb vendosur zjarrin disa gomave n\u00eb shenj\u00eb revolte dhe kan\u00eb hedhur molotov\u00eb. N\u00eb mbyllje t\u00eb protest\u00ebs \u00ebsht\u00eb b\u00ebr\u00eb thirrje p\u00ebr pjes\u00ebmarrje masive t\u00eb enjten n\u00eb protest\u00ebn e or\u00ebs 10:00 p\u00ebrpara &hellip;<\/p>\n","protected":false},"author":4,"featured_media":81239,"comment_status":"closed","ping_status":"closed","sticky":false,"template":"","format":"standard","meta":{"footnotes":""},"categories":[37],"tags":[],"class_list":["post-81238","post","type-post","status-publish","format-standard","has-post-thumbnail","","category-politike"],"_links":{"self":[{"href":"https:\/\/rdnews.al\/index.php\/wp-json\/wp\/v2\/posts\/81238","targetHints":{"allow":["GET"]}}],"collection":[{"href":"https:\/\/rdnews.al\/index.php\/wp-json\/wp\/v2\/posts"}],"about":[{"href":"https:\/\/rdnews.al\/index.php\/wp-json\/wp\/v2\/types\/post"}],"author":[{"embeddable":true,"href":"https:\/\/rdnews.al\/index.php\/wp-json\/wp\/v2\/users\/4"}],"replies":[{"embeddable":true,"href":"https:\/\/rdnews.al\/index.php\/wp-json\/wp\/v2\/comments?post=81238"}],"version-history":[{"count":0,"href":"https:\/\/rdnews.al\/index.php\/wp-json\/wp\/v2\/posts\/81238\/revisions"}],"wp:featuredmedia":[{"embeddable":true,"href":"https:\/\/rdnews.al\/index.php\/wp-json\/wp\/v2\/media\/81239"}],"wp:attachment":[{"href":"https:\/\/rdnews.al\/index.php\/wp-json\/wp\/v2\/media?parent=81238"}],"wp:term":[{"taxonomy":"category","embeddable":true,"href":"https:\/\/rdnews.al\/index.php\/wp-json\/wp\/v2\/categories?post=81238"},{"taxonomy":"post_tag","embeddable":true,"href":"https:\/\/rdnews.al\/index.php\/wp-json\/wp\/v2\/tags?post=81238"}],"curies":[{"name":"wp","href":"https:\/\/api.w.org\/{rel}","templated":true}]}}