{"id":81254,"date":"2024-06-04T16:06:51","date_gmt":"2024-06-04T16:06:51","guid":{"rendered":"https:\/\/rdnews.al\/?p=81254"},"modified":"2024-06-04T16:06:51","modified_gmt":"2024-06-04T16:06:51","slug":"berisha-i-pergjigjet-rames-ediskobar-faktet-po-dalin-fundin-e-ke-ne-koshin-e-historise","status":"publish","type":"post","link":"https:\/\/rdnews.al\/index.php\/2024\/06\/04\/berisha-i-pergjigjet-rames-ediskobar-faktet-po-dalin-fundin-e-ke-ne-koshin-e-historise\/","title":{"rendered":"Berisha i p\u00ebrgjigjet Ram\u00ebs: Ediskobar, faktet po dalin, fundin e ke n\u00eb koshin e historis\u00eb"},"content":{"rendered":"<div class=\"readmore-text-here\">\n<p><em>Sali BERISHA<\/em><\/p>\n<p>T\u00eb<em> dashur miq, sot, qelbin e zullumeve t\u00eb Ram\u00ebs, shqiptar\u00ebt nuk e d\u00ebgjojn\u00eb m\u00eb vet\u00ebm nga opozita dhe mediat nd\u00ebrkomb\u00ebtare, por bash nga goja e bashk\u00ebpun\u00ebtorit t\u00eb tij m\u00eb t\u00eb ngusht\u00eb! Numrin 2 t\u00eb qeverisjes s\u00eb tij. N\u00eb fakt e kan\u00eb degjuar dhe m\u00eb par\u00eb me vesh\u00ebt e tyre n\u00eb audiot e dosjes 339 dhe 184 t\u00eb botuara nga \u201cBild\u201d!<\/em><\/p>\n<p><em>Edi Rama i lerosur n\u00eb llumin e rrjeteve kriminale q\u00eb e komandojn\u00eb at\u00eb dhe Shqip\u00ebrin\u00eb, nxiu imazhin e Shqip\u00ebris\u00eb, kanabizoi Shqip\u00ebrin\u00eb, shpopulloi sa askush tjet\u00ebr n\u00eb shekuj Shqiperin\u00eb, vjedh shqiptar\u00ebt dhe sipas tij fajin ia kan\u00eb t\u00eb tjer\u00ebt q\u00eb mjaftoi nj\u00eb emision ta nxirrte si\u00e7 \u00ebsht\u00eb.<\/em><\/p>\n<p><em>Lidhjet jo vetem t\u00eb Olsit, por direkt t\u00eb tij me kartelet e drog\u00ebs dhe grupet kriminale, kanabizimi i Shqip\u00ebris\u00eb, narkoshteti, parajsa e larjes s\u00eb parave me kriptomonedha dhe lejet e nd\u00ebrtimit q\u00eb i l\u00ebshon ve\u00e7 ai. T\u00eb gjitha k\u00ebto tashm\u00eb thuhen dhe shkruhen n\u00eb t\u00eb gjitha gjuh\u00ebt kryesore t\u00eb bot\u00ebs. 35% e shqiptar\u00ebve e kan\u00eb braktisur Shqiperin\u00eb p\u00ebr shkak t\u00eb drejtimit t\u00eb tij.<\/em><\/p>\n<p><em>Po p\u00ebr sa koh\u00eb Rama kontrollon nj\u00eb drejt\u00ebsi q\u00eb nuk sheh, nuk flet, e nuk d\u00ebgjon, u takon shqiptar\u00ebve q\u00eb t\u00eb mos braktisin vendin dhe t\u00eb ardhmen, por t\u00eb largojn\u00eb me \u00e7do \u00e7mim band\u00ebn kriminale q\u00eb ka kapur \u00e7do qelize t\u00eb shtetit dhe Edi Ram\u00ebn si kapoband\u00ebn e saj!<\/em><\/p>\n<p><em>P\u00ebr t\u00eb gjitha k\u00ebto Edi Rama e di mir\u00eb q\u00eb ka ardhur koha kur shqiptar\u00ebt do ta braktisin dhe do ta degdisin aty ku e meriton, n\u00eb koshin e turpit t\u00eb historis\u00eb.<\/em><\/p>\n<p><em>S\u00eb fundmi i them, Edi Rama ti q\u00eb z\u00ebvend\u00ebsove flamurin e Skenderbeut me flamurin e zi t\u00eb karteleve m\u00eb n\u00eb z\u00eb t\u00eb drog\u00ebs, nuk je shqiptar, por armik i eg\u00ebr i kombit shqiptar. Verdikti i historis\u00eb \u00ebsht\u00eb dh\u00ebn\u00eb, do ndryhesh n\u00eb banes\u00ebn e turpit t\u00eb saj! #sb<\/em><\/p>\n<\/div>\n<div id=\"rekl-45\"><\/div>\n<div id=\"rekl-16\"><\/div>\n","protected":false},"excerpt":{"rendered":"<p>Sali BERISHA T\u00eb dashur miq, sot, qelbin e zullumeve t\u00eb Ram\u00ebs, shqiptar\u00ebt nuk e d\u00ebgjojn\u00eb m\u00eb vet\u00ebm nga opozita dhe mediat nd\u00ebrkomb\u00ebtare, por bash nga goja e bashk\u00ebpun\u00ebtorit t\u00eb tij m\u00eb t\u00eb ngusht\u00eb! Numrin 2 t\u00eb qeverisjes s\u00eb tij. N\u00eb fakt e kan\u00eb degjuar dhe m\u00eb par\u00eb me vesh\u00ebt e tyre n\u00eb audiot e dosjes &hellip;<\/p>\n","protected":false},"author":3,"featured_media":32935,"comment_status":"closed","ping_status":"closed","sticky":false,"template":"","format":"standard","meta":{"footnotes":""},"categories":[37],"tags":[],"class_list":["post-81254","post","type-post","status-publish","format-standard","has-post-thumbnail","","category-politike"],"_links":{"self":[{"href":"https:\/\/rdnews.al\/index.php\/wp-json\/wp\/v2\/posts\/81254","targetHints":{"allow":["GET"]}}],"collection":[{"href":"https:\/\/rdnews.al\/index.php\/wp-json\/wp\/v2\/posts"}],"about":[{"href":"https:\/\/rdnews.al\/index.php\/wp-json\/wp\/v2\/types\/post"}],"author":[{"embeddable":true,"href":"https:\/\/rdnews.al\/index.php\/wp-json\/wp\/v2\/users\/3"}],"replies":[{"embeddable":true,"href":"https:\/\/rdnews.al\/index.php\/wp-json\/wp\/v2\/comments?post=81254"}],"version-history":[{"count":0,"href":"https:\/\/rdnews.al\/index.php\/wp-json\/wp\/v2\/posts\/81254\/revisions"}],"wp:featuredmedia":[{"embeddable":true,"href":"https:\/\/rdnews.al\/index.php\/wp-json\/wp\/v2\/media\/32935"}],"wp:attachment":[{"href":"https:\/\/rdnews.al\/index.php\/wp-json\/wp\/v2\/media?parent=81254"}],"wp:term":[{"taxonomy":"category","embeddable":true,"href":"https:\/\/rdnews.al\/index.php\/wp-json\/wp\/v2\/categories?post=81254"},{"taxonomy":"post_tag","embeddable":true,"href":"https:\/\/rdnews.al\/index.php\/wp-json\/wp\/v2\/tags?post=81254"}],"curies":[{"name":"wp","href":"https:\/\/api.w.org\/{rel}","templated":true}]}}