{"id":81291,"date":"2024-06-04T18:51:54","date_gmt":"2024-06-04T18:51:54","guid":{"rendered":"https:\/\/rdnews.al\/?p=81291"},"modified":"2024-06-04T18:51:54","modified_gmt":"2024-06-04T18:51:54","slug":"berisha-rames-gazeta-me-e-madhe-ne-gjermani-njofton-se-familja-jote-po-hetohet-nga-prokuroria-gjermane-per-trafikun-e-kokaines","status":"publish","type":"post","link":"https:\/\/rdnews.al\/index.php\/2024\/06\/04\/berisha-rames-gazeta-me-e-madhe-ne-gjermani-njofton-se-familja-jote-po-hetohet-nga-prokuroria-gjermane-per-trafikun-e-kokaines\/","title":{"rendered":"Berisha-Ram\u00ebs: Gazeta m\u00eb e madhe n\u00eb Gjermani njofton se familja jote po hetohet nga prokuroria gjermane p\u00ebr trafikun e kokain\u00ebs"},"content":{"rendered":"<p>Kreu i PD, Sali Berisha u shpreh se gazeta m\u00eb e lexuar n\u00eb Gjermani njofton se prokuroria gjermane po heton p\u00ebr lidhjet me trafikun e kokain\u00ebs t\u00eb Olsi Ram\u00ebs.<\/p>\n<p>\u201cEdi Rama, k\u00ebto koh\u00eb Gazment Bardhi ka sjell\u00eb dokumente t\u00eb tjera t\u00eb pakund\u00ebrshtueshme t\u00eb implikimit t\u00eb Olsit t\u00ebnd n\u00eb organizat\u00ebn kriminale t\u00eb Xibrak\u00ebs.<\/p>\n<p>Po t\u00eb b\u00ebj nj\u00eb pyetje un\u00eb ty, Olsi yt q\u00eb b\u00ebre avokatin\u00eb e tij, n\u00eb fakt t\u00eb vetes t\u00ebnde se ai ishte ushtari yt n\u00eb k\u00ebt\u00eb mes, pse do kalonte kufirin n\u00eb Morin\u00eb me makin\u00eb pa targa tre or\u00eb pas nisjes s\u00eb operacionit?<\/p>\n<p>A mundet v\u00ebllai i kryeministrit t\u00eb p\u00ebrdor\u00eb makin\u00ebn pa targa sikur t\u00eb jet\u00eb nj\u00eb kriminel ordiner? \u00c7far\u00eb e shtyu v\u00ebllan\u00eb t\u00ebnd t\u00eb kalonte kufirin?<\/p>\n<p>Edi Rama dje kishte lajmin e fundit p\u00ebr k\u00ebt\u00eb ngjarje. Gazeta m\u00eb e lexuar n\u00eb Gjermani njoftonte se prokuroria gjermane po heton p\u00ebr lidhjet me trafikun e kokain\u00ebs, familjen t\u00ebnde, v\u00ebllain t\u00ebnd.<\/p>\n<p>Narkoshtetin shqiptar\u00ebve ua solle ti o kriminel i pap\u00ebrgjegjsh\u00ebm.<\/p>\n<p>A nuk ishe ti q\u00eb pasi em\u00ebrove n\u00eb krye t\u00eb rendit skafo-ministrin e par\u00eb n\u00eb historin\u00eb e Shqip\u00ebris\u00eb, Saimir Tahiri, i ngarkove si detyr\u00eb kanabizimin e plot\u00eb t\u00eb Shqip\u00ebris\u00eb?<\/p>\n<p>Bazat ushtarake, aeroportet i vure n\u00eb dispozicion t\u00eb narkoflot\u00ebs p\u00ebr eksportin e drog\u00ebs n\u00eb Itali, Greqi dhe vende t\u00eb tjera.<\/p>\n<p>Kush ta solli ty narkoshtetin, po e nd\u00ebrtove vet\u00eb o faqezi, q\u00eb sot je nj\u00eb Norieg\u00eb, nj\u00eb El Chapo, nj\u00eb turp nd\u00ebrkomb\u00ebtar, nj\u00eb turp ballkanik, turp evropian.<\/p>\n<p>At\u00eb vit, duhet t\u00eb jemi realist\u00eb, p\u00ebrs\u00ebri n\u00eb em\u00ebr t\u00eb mbrojtjes s\u00eb interesit komb\u00ebtar, i vet\u00ebdijsh\u00ebm se kush mbjell drog\u00ebn, mbjell krimin, kush mbjell drog\u00ebn, mbjell vdekjen, un\u00eb denoncova para shqiptar\u00ebve dhe bot\u00ebs n\u00eb nj\u00eb editorial nomenklatur\u00ebn e narkoshtetit shqiptar.<\/p>\n<p>Natyrisht n\u00eb krye t\u00eb piramid\u00ebs nuk mund t\u00eb q\u00ebndronte kush tjet\u00ebr o padrino p\u00ebrve\u00e7 teje. M\u00eb pas rreshtoheshin lejtnant\u00ebt e tu, Tahiri, Haki \u00c7ako, Ardi Veliu dhe shum\u00eb t\u00eb tjer\u00eb.<\/p>\n<p>Po a mos ishte vet\u00ebm ky denoncim n\u00eb at\u00eb koh? Jo miq. Ishte shefi i SHISH q\u00eb me guxim n\u00eb em\u00ebr t\u00eb interesit komb\u00ebtar pas nj\u00eb hetimi t\u00eb thelluar n\u00eb mbar\u00eb vendin, do t\u00eb formulonte raportin n\u00eb t\u00eb cilin thuhet se 125 oficer\u00eb madhor\u00eb jan\u00eb shnd\u00ebrruar n\u00eb bajloz\u00eb droge, n\u00eb narkokomisar\u00eb droge, mbrojn\u00eb parcelat e drog\u00ebs n\u00eb t\u00eb kat\u00ebr an\u00ebt e vendit.<\/p>\n<p>E sulmove, por ai ishte nj\u00eb realitet.<\/p>\n<p>Ja pra Edi Rama, nuk ta solli RAI3 narkoshtetin, nuk ta solli Sali Berisha narkoshtetin, e mbolle ti o kriminel\u201d, tha Berisha.<\/p>\n","protected":false},"excerpt":{"rendered":"<p>Kreu i PD, Sali Berisha u shpreh se gazeta m\u00eb e lexuar n\u00eb Gjermani njofton se prokuroria gjermane po heton p\u00ebr lidhjet me trafikun e kokain\u00ebs t\u00eb Olsi Ram\u00ebs. \u201cEdi Rama, k\u00ebto koh\u00eb Gazment Bardhi ka sjell\u00eb dokumente t\u00eb tjera t\u00eb pakund\u00ebrshtueshme t\u00eb implikimit t\u00eb Olsit t\u00ebnd n\u00eb organizat\u00ebn kriminale t\u00eb Xibrak\u00ebs. Po t\u00eb b\u00ebj &hellip;<\/p>\n","protected":false},"author":4,"featured_media":79444,"comment_status":"closed","ping_status":"closed","sticky":false,"template":"","format":"standard","meta":{"footnotes":""},"categories":[37],"tags":[],"class_list":["post-81291","post","type-post","status-publish","format-standard","has-post-thumbnail","","category-politike"],"_links":{"self":[{"href":"https:\/\/rdnews.al\/index.php\/wp-json\/wp\/v2\/posts\/81291","targetHints":{"allow":["GET"]}}],"collection":[{"href":"https:\/\/rdnews.al\/index.php\/wp-json\/wp\/v2\/posts"}],"about":[{"href":"https:\/\/rdnews.al\/index.php\/wp-json\/wp\/v2\/types\/post"}],"author":[{"embeddable":true,"href":"https:\/\/rdnews.al\/index.php\/wp-json\/wp\/v2\/users\/4"}],"replies":[{"embeddable":true,"href":"https:\/\/rdnews.al\/index.php\/wp-json\/wp\/v2\/comments?post=81291"}],"version-history":[{"count":0,"href":"https:\/\/rdnews.al\/index.php\/wp-json\/wp\/v2\/posts\/81291\/revisions"}],"wp:featuredmedia":[{"embeddable":true,"href":"https:\/\/rdnews.al\/index.php\/wp-json\/wp\/v2\/media\/79444"}],"wp:attachment":[{"href":"https:\/\/rdnews.al\/index.php\/wp-json\/wp\/v2\/media?parent=81291"}],"wp:term":[{"taxonomy":"category","embeddable":true,"href":"https:\/\/rdnews.al\/index.php\/wp-json\/wp\/v2\/categories?post=81291"},{"taxonomy":"post_tag","embeddable":true,"href":"https:\/\/rdnews.al\/index.php\/wp-json\/wp\/v2\/tags?post=81291"}],"curies":[{"name":"wp","href":"https:\/\/api.w.org\/{rel}","templated":true}]}}